{"id":4482,"date":"2023-03-01T09:02:02","date_gmt":"2023-03-01T19:02:02","guid":{"rendered":"https:\/\/foreveryoung.gov.pf\/?post_type=article-media&#038;p=4482"},"modified":"2023-05-31T09:18:32","modified_gmt":"2023-05-31T19:18:32","slug":"t-a-t-p-violence-et-dintimidation-dans-les-rues-et-sur-les-reseaux-sociaux","status":"publish","type":"article-media","link":"https:\/\/foreveryoung.gov.pf\/en\/article-m-dia\/t-a-t-p-violence-et-dintimidation-dans-les-rues-et-sur-les-reseaux-sociaux\/","title":{"rendered":"T.A.T.P. : violence et d&#8217;intimidation dans les rues et sur les r\u00e9seaux sociaux"},"content":{"rendered":"<!--themify_builder_content-->\n<div id=\"themify_builder_content-4482\" data-postid=\"4482\" class=\"themify_builder_content themify_builder_content-4482 themify_builder tf_clear\">\n                    <div  data-lazy=\"1\" class=\"module_row themify_builder_row tb_ipwm904 tb_first tf_w\">\n                        <div class=\"row_inner col_align_top tb_col_count_1 tf_box tf_rel\">\n                        <div  data-lazy=\"1\" class=\"module_column tb-column col-full tb_oyvj905 first\">\n                    <!-- module text -->\n<div  class=\"module module-text tb_7ypt801   \" data-lazy=\"1\">\n        <div  class=\"tb_text_wrap\">\n        <div dir=\"auto\">Mardi 28 F\u00e9vrier \u00e0 19h30 sur notre page,<\/div><div dir=\"auto\">l&#8217;\u00e9mission T.A.T.P. pour parler de violence et d&#8217;intimidation dans les rues et sur les r\u00e9seaux sociaux. La version compl\u00e8te.<\/div><div dir=\"auto\">En pr\u00e9sence de nos Chroniqueurs et de nos invit\u00e9s.<\/div><div dir=\"auto\">Pour participer en direct \u00e0 l&#8217;\u00e9mission, envoies une invitation sur la page Tatp Tau Rea&#8217;rea et tu pourras donner ton avis via Messenger.<\/div><div dir=\"auto\">Une \u00e9mission en direct durant laquelle tu pourras intervenir \u00e0 tout moment au 87 34 36 34.<\/div><div dir=\"auto\">Vous avez enfin la parole.<\/div>    <\/div>\n<\/div>\n<!-- \/module text -->        <\/div>\n                        <\/div>\n        <\/div>\n        <\/div>\n<!--\/themify_builder_content-->","protected":false},"excerpt":{"rendered":"<p>Mardi 28 F\u00e9vrier \u00e0 19h30 sur notre page,l&#8217;\u00e9mission T.A.T.P. pour parler de violence et d&#8217;intimidation dans les rues et sur les r\u00e9seaux sociaux. La version compl\u00e8te.En pr\u00e9sence de nos Chroniqueurs et de nos invit\u00e9s.Pour participer en direct \u00e0 l&#8217;\u00e9mission, envoies une invitation sur la page Tatp Tau Rea&#8217;rea et tu pourras donner ton avis via [&hellip;]<\/p>\n","protected":false},"author":1,"featured_media":4484,"parent":0,"menu_order":0,"template":"","meta":{"om_disable_all_campaigns":false,"inline_featured_image":false,"footnotes":""},"categories":[74,41],"class_list":["post-4482","article-media","type-article-media","status-publish","has-post-thumbnail","hentry","category-media-tatp","category-medias","has-post-title","has-post-date","has-post-category","has-post-tag","has-post-comment","has-post-author",""],"aioseo_notices":[],"ptb_metabox":{"ptb_article_media_premi_re_vid_o_de_l_article":{"url":[""],"title":[""],"description":[""]},"ptb_article_media_images_pour_la_galerie":{"url":[""],"link":[""],"title":[""],"description":[""]},"ptb_article_media_iframe":"<p style=\"text-align: center;\"><iframe style=\"border: none; overflow: hidden;width:100%;\" src=\"https:\/\/www.facebook.com\/plugins\/video.php?height=314&href=https%3A%2F%2Fwww.facebook.com%2FDPDJeunesse%2Fvideos%2F124698677204249%2F&show_text=false&width=560&t=0\" width=\"560\" height=\"740\" frameborder=\"0\" scrolling=\"no\" allowfullscreen=\"allowfullscreen\"><\/iframe><\/p>"},"ptb_taxonomy":{"category":[{"term_id":74,"name":"Media &gt; TATP","slug":"media-tatp","term_group":0,"term_taxonomy_id":74,"taxonomy":"category","description":"","parent":41,"count":6,"filter":"raw"},{"term_id":41,"name":"Medias","slug":"medias","term_group":0,"term_taxonomy_id":41,"taxonomy":"category","description":"","parent":0,"count":14,"filter":"raw"}]},"ptb_featured_image":{"url":"https:\/\/foreveryoung.gov.pf\/wp-content\/uploads\/2023\/05\/Capture-decran-2023-05-31-a-08.59.29.png","title":"TATP","caption":""},"builder_content":"Mardi 28 F\u00e9vrier \u00e0 19h30 sur notre page,l'\u00e9mission T.A.T.P. pour parler de violence et d'intimidation dans les rues et sur les r\u00e9seaux sociaux. La version compl\u00e8te.En pr\u00e9sence de nos Chroniqueurs et de nos invit\u00e9s.Pour participer en direct \u00e0 l'\u00e9mission, envoies une invitation sur la page Tatp Tau Rea'rea et tu pourras donner ton avis via Messenger.Une \u00e9mission en direct durant laquelle tu pourras intervenir \u00e0 tout moment au 87 34 36 34.Vous avez enfin la parole.","_links":{"self":[{"href":"https:\/\/foreveryoung.gov.pf\/en\/wp-json\/wp\/v2\/article-media\/4482","targetHints":{"allow":["GET"]}}],"collection":[{"href":"https:\/\/foreveryoung.gov.pf\/en\/wp-json\/wp\/v2\/article-media"}],"about":[{"href":"https:\/\/foreveryoung.gov.pf\/en\/wp-json\/wp\/v2\/types\/article-media"}],"author":[{"embeddable":true,"href":"https:\/\/foreveryoung.gov.pf\/en\/wp-json\/wp\/v2\/users\/1"}],"version-history":[{"count":0,"href":"https:\/\/foreveryoung.gov.pf\/en\/wp-json\/wp\/v2\/article-media\/4482\/revisions"}],"wp:featuredmedia":[{"embeddable":true,"href":"https:\/\/foreveryoung.gov.pf\/en\/wp-json\/wp\/v2\/media\/4484"}],"wp:attachment":[{"href":"https:\/\/foreveryoung.gov.pf\/en\/wp-json\/wp\/v2\/media?parent=4482"}],"wp:term":[{"taxonomy":"category","embeddable":true,"href":"https:\/\/foreveryoung.gov.pf\/en\/wp-json\/wp\/v2\/categories?post=4482"}],"curies":[{"name":"wp","href":"https:\/\/api.w.org\/{rel}","templated":true}]}}