{"id":6931,"date":"2023-11-23T08:20:59","date_gmt":"2023-11-23T18:20:59","guid":{"rendered":"https:\/\/foreveryoung.gov.pf\/?post_type=actualites&#038;p=6931"},"modified":"2023-11-23T14:08:11","modified_gmt":"2023-11-24T00:08:11","slug":"%f0%9d%95%81%f0%9d%95%86%f0%9d%95%8c%e2%84%9d%e2%84%95%f0%9d%94%bc%f0%9d%94%bc-%f0%9d%94%bb%f0%9d%94%bc%f0%9d%95%8a-%f0%9d%94%bb%e2%84%9d%f0%9d%95%86%f0%9d%95%80%f0%9d%95%8b%f0%9d%95%8a-%f0%9d%94%bb","status":"publish","type":"actualites","link":"https:\/\/foreveryoung.gov.pf\/en\/actualite\/%f0%9d%95%81%f0%9d%95%86%f0%9d%95%8c%e2%84%9d%e2%84%95%f0%9d%94%bc%f0%9d%94%bc-%f0%9d%94%bb%f0%9d%94%bc%f0%9d%95%8a-%f0%9d%94%bb%e2%84%9d%f0%9d%95%86%f0%9d%95%80%f0%9d%95%8b%f0%9d%95%8a-%f0%9d%94%bb\/","title":{"rendered":"\ud835\udd41\ud835\udd46\ud835\udd4c\u211d\u2115\ud835\udd3c\ud835\udd3c \ud835\udd3b\ud835\udd3c\ud835\udd4a \ud835\udd3b\u211d\ud835\udd46\ud835\udd40\ud835\udd4b\ud835\udd4a \ud835\udd3b\ud835\udd3c \ud835\udd43&#8217;\ud835\udd3c\u2115\ud835\udd3d\ud835\udd38\u2115\ud835\udd4b"},"content":{"rendered":"<p>\ud83d\udcc6 Le 20 novembre, le monde \ud83c\udf0e c\u00e9l\u00e8bre la Journ\u00e9e internationale des Droits de l&#8217;enfant.<br>\ud83d\udd06 Cette ann\u00e9e, nous avons eu l&#8217;honneur de participer aux festivit\u00e9s organis\u00e9es par la Direction des solidarit\u00e9s, de la famille et de l&#8217;\u00e9galit\u00e9 Direction des Solidarit\u00e9s, de la Famille et de l&#8217;Egalit\u00e9 en pr\u00e9sence de la Ministre Chantal Minarii Galenon , de nombreux agents, b\u00e9n\u00e9voles, responsables associatifs et \u00e9quipes p\u00e9dagogiques, au complexe sportif de Taravao.<br>\ud83e\udd1d La DPDJ est all\u00e9e \u00e0 la rencontre des 600 jeunes pr\u00e9sents au travers d\u2019un stand sur \ud835\udcdb\ud835\udcd4 \ud835\udcd3\ud835\udce1\ud835\udcde\ud835\udcd8\ud835\udce3 \ud835\udcd3&#8217;\ud835\udcd0\ud835\udce5\ud835\udcde\ud835\udcd8\ud835\udce1 \ud835\udce4\ud835\udcdd\ud835\udcd4 \ud835\udcd5\ud835\udcd0\ud835\udcdc\ud835\udcd8\ud835\udcdb\ud835\udcdb\ud835\udcd4 \u2764\ufe0f\ud83d\udc68\u200d\ud83d\udc69\u200d\ud83d\udc67\u200d\ud83d\udc66<br>\u2705 L\u2019occasion de rappeler que les parents comme les enfants ont des droits et SURTOUT des devoirs \ud83d\ude0c<\/p>\n\n\n\n<h6 class=\"wp-block-heading\">#Journ\u00e9eDesDroitsDeLEnfant #DPDJ #Solidarit\u00e9 #Famille #\u00c9ducation #frenchpolynesia #foreveryoung #goldenyouth<\/h6>\n\n<!--themify_builder_content-->\n<div id=\"themify_builder_content-6931\" data-postid=\"6931\" class=\"themify_builder_content themify_builder_content-6931 themify_builder tf_clear\">\n                    <div  data-lazy=\"1\" class=\"module_row themify_builder_row tb_ti5z228 tb_first tf_w\">\n                        <div class=\"row_inner col_align_top tb_col_count_1 tf_box tf_rel\">\n                        <div  data-lazy=\"1\" class=\"module_column tb-column col-full tb_frqa228 first\">\n                    <!-- module gallery -->\n<div  class=\"module gallery module-gallery tb_uumu389 layout-grid  \" data-lazy=\"1\">\n    <div class=\"module-gallery-grid\" style=\"--gald:4;--galt:4;--galm:4\">\n            <dl class=\"gallery-item\">\n            <dt class=\"gallery-icon\">\n            <a data-title=\"\" title=\"\" href=\"https:\/\/foreveryoung.gov.pf\/wp-content\/uploads\/2023\/11\/1700678820293.jpg\" data-rel=\"tb_uumu389\" class=\"themify_lightbox\"><img loading=\"lazy\" decoding=\"async\" src=\"https:\/\/foreveryoung.gov.pf\/wp-content\/uploads\/2023\/11\/1700678820293-1024x1024-300x200.jpg\" width=\"300\" height=\"200\" class=\"wp-post-image wp-image-6939\" title=\"1700678820293\" alt=\"1700678820293\"><\/a>            <\/dt>\n                    <\/dl>\n            <dl class=\"gallery-item\">\n            <dt class=\"gallery-icon\">\n            <a data-title=\"\" title=\"\" href=\"https:\/\/foreveryoung.gov.pf\/wp-content\/uploads\/2023\/11\/1700678820320-scaled.jpg\" data-rel=\"tb_uumu389\" class=\"themify_lightbox\"><img loading=\"lazy\" decoding=\"async\" src=\"https:\/\/foreveryoung.gov.pf\/wp-content\/uploads\/2023\/11\/1700678820320-1024x768-300x200.jpg\" width=\"300\" height=\"200\" class=\"wp-post-image wp-image-6937\" title=\"1700678820320\" alt=\"1700678820320\"><\/a>            <\/dt>\n                    <\/dl>\n            <dl class=\"gallery-item\">\n            <dt class=\"gallery-icon\">\n            <a data-title=\"\" title=\"\" href=\"https:\/\/foreveryoung.gov.pf\/wp-content\/uploads\/2023\/11\/1700678820309-scaled.jpg\" data-rel=\"tb_uumu389\" class=\"themify_lightbox\"><img loading=\"lazy\" decoding=\"async\" src=\"https:\/\/foreveryoung.gov.pf\/wp-content\/uploads\/2023\/11\/1700678820309-768x1024-300x200.jpg\" width=\"300\" height=\"200\" class=\"wp-post-image wp-image-6935\" title=\"1700678820309\" alt=\"1700678820309\"><\/a>            <\/dt>\n                    <\/dl>\n    <\/div>\n<\/div>\n<!-- \/module gallery -->        <\/div>\n                        <\/div>\n        <\/div>\n        <\/div>\n<!--\/themify_builder_content-->","protected":false},"excerpt":{"rendered":"<p> Le 20 novembre, le monde \ud83c\udf0e c\u00e9l\u00e8bre la Journ\u00e9e internationale des Droits de l&#8217;enfant.<br \/>\n\ud83d\udd06 Cette ann\u00e9e, nous avons eu l&#8217;honneur de participer aux festivit\u00e9s organis\u00e9es par la Direction des solidarit\u00e9s, de la famille et de l&#8217;\u00e9galit\u00e9 Direction des Solidarit\u00e9s, de la Famille et de l&#8217;Egalit\u00e9 en pr\u00e9sence de la Ministre Chantal Minarii Galenon , de nombreux agents, b\u00e9n\u00e9voles, responsables associatifs et \u00e9quipes p\u00e9dagogiques, au complexe sportif de Taravao.<br \/>\n\ud83e\udd1d La DPDJ est all\u00e9e \u00e0 la rencontre des 600 jeunes pr\u00e9sents au travers d\u2019un stand sur \ud835\udcdb\ud835\udcd4 \ud835\udcd3\ud835\udce1\ud835\udcde\ud835\udcd8\ud835\udce3 \ud835\udcd3&#8217;\ud835\udcd0\ud835\udce5\ud835\udcde\ud835\udcd8\ud835\udce1 \ud835\udce4\ud835\udcdd\ud835\udcd4 \ud835\udcd5\ud835\udcd0\ud835\udcdc\ud835\udcd8\ud835\udcdb\ud835\udcdb\ud835\udcd4 \u2764\ufe0f\ud83d\udc68\u200d\ud83d\udc69\u200d\ud83d\udc67\u200d\ud83d\udc66<br \/>\n\u2705 L\u2019occasion de rappeler que les parents comme les enfants ont des droits et SURTOUT des devoirs \ud83d\ude0c<\/p>\n","protected":false},"author":21,"featured_media":6932,"parent":0,"menu_order":0,"template":"","meta":{"om_disable_all_campaigns":false,"inline_featured_image":false,"footnotes":""},"categories":[39,99,100,4],"class_list":["post-6931","actualites","type-actualites","status-publish","has-post-thumbnail","hentry","category-actualites","category-actualites-homepage-une","category-dpdj","category-la-une","has-post-title","has-post-date","has-post-category","has-post-tag","has-post-comment","has-post-author",""],"aioseo_notices":[],"ptb_metabox":[],"ptb_taxonomy":{"category":[{"term_id":39,"name":"Actualit\u00e9s","slug":"actualites","term_group":0,"term_taxonomy_id":39,"taxonomy":"category","description":"","parent":0,"count":27,"filter":"raw"},{"term_id":99,"name":"Actualit\u00e9s &gt; Homepage Unes","slug":"actualites-homepage-une","term_group":0,"term_taxonomy_id":99,"taxonomy":"category","description":"","parent":39,"count":8,"filter":"raw"},{"term_id":100,"name":"DPDJ","slug":"dpdj","term_group":0,"term_taxonomy_id":100,"taxonomy":"category","description":"","parent":39,"count":3,"filter":"raw"},{"term_id":4,"name":"La UNE","slug":"la-une","term_group":0,"term_taxonomy_id":4,"taxonomy":"category","description":"","parent":0,"count":4,"filter":"raw"}]},"ptb_featured_image":{"url":"https:\/\/foreveryoung.gov.pf\/wp-content\/uploads\/2023\/11\/1700678820302.jpg","title":"1700678820302","caption":""},"builder_content":"[gallery ids=\"6938,6936,6934\"]","_links":{"self":[{"href":"https:\/\/foreveryoung.gov.pf\/en\/wp-json\/wp\/v2\/actualites\/6931","targetHints":{"allow":["GET"]}}],"collection":[{"href":"https:\/\/foreveryoung.gov.pf\/en\/wp-json\/wp\/v2\/actualites"}],"about":[{"href":"https:\/\/foreveryoung.gov.pf\/en\/wp-json\/wp\/v2\/types\/actualites"}],"author":[{"embeddable":true,"href":"https:\/\/foreveryoung.gov.pf\/en\/wp-json\/wp\/v2\/users\/21"}],"version-history":[{"count":15,"href":"https:\/\/foreveryoung.gov.pf\/en\/wp-json\/wp\/v2\/actualites\/6931\/revisions"}],"predecessor-version":[{"id":6959,"href":"https:\/\/foreveryoung.gov.pf\/en\/wp-json\/wp\/v2\/actualites\/6931\/revisions\/6959"}],"wp:featuredmedia":[{"embeddable":true,"href":"https:\/\/foreveryoung.gov.pf\/en\/wp-json\/wp\/v2\/media\/6932"}],"wp:attachment":[{"href":"https:\/\/foreveryoung.gov.pf\/en\/wp-json\/wp\/v2\/media?parent=6931"}],"wp:term":[{"taxonomy":"category","embeddable":true,"href":"https:\/\/foreveryoung.gov.pf\/en\/wp-json\/wp\/v2\/categories?post=6931"}],"curies":[{"name":"wp","href":"https:\/\/api.w.org\/{rel}","templated":true}]}}