{"id":6665,"date":"2023-10-17T10:32:03","date_gmt":"2023-10-17T20:32:03","guid":{"rendered":"https:\/\/foreveryoung.gov.pf\/actualite\/fonds-pacifique-appel-a-projets-pour-lexercice-2024\/"},"modified":"2023-10-17T10:32:03","modified_gmt":"2023-10-17T20:32:03","slug":"fonds-pacifique-appel-a-projets-pour-lexercice-2024","status":"publish","type":"actualites","link":"https:\/\/foreveryoung.gov.pf\/en\/actualite\/fonds-pacifique-appel-a-projets-pour-lexercice-2024\/","title":{"rendered":"FONDS PACIFIQUE | Appel \u00e0 projets pour l\u2019exercice 2024"},"content":{"rendered":"<div class=\"fusion-layout-column fusion_builder_column fusion-builder-column-0 fusion_builder_column_1_1 1_1 fusion-one-full fusion-column-first fusion-column-last\" style=\"--awb-bg-size:cover;\">\n<div class=\"fusion-column-wrapper fusion-flex-column-wrapper-legacy\">\n<div class=\"fusion-text fusion-text-1\">\n<p><strong><span class=\"fusion-dropcap dropcap dropcap-boxed\" style=\"--awb-border-radius:1px;\">L\u2019<\/span>appel \u00e0 projets 2023 du \u00ab Fonds de coop\u00e9ration \u00e9conomique, sociale et culturelle pour le Pacifique \u00bb (Fonds Pacifique) a \u00e9t\u00e9 lanc\u00e9 par le Secr\u00e9tariat permanent pour le Pacifique\u00a0<\/strong><\/p>\n<p><strong>Les porteurs de projet, qu\u2019ils soient acteurs institutionnels ou interlocuteurs de la soci\u00e9t\u00e9 civile, sont invit\u00e9s \u00e0 t\u00e9l\u00e9charger leur dossier depuis le site internet du haut-commissariat <u>\u00a0jusqu\u2019au 22 novembre 2023<\/u>.<\/strong><\/p>\n<\/div>\n<div class=\"fusion-text fusion-text-2\">\n<h3><strong><span style=\"color: #2854a0\">Crit\u00e8res de s\u00e9lection des projets<\/span><\/strong><\/h3>\n<p>Les projets \u00e9ligibles \u00e0 une subvention du fonds <b>rel\u00e8vent de la coop\u00e9ration r\u00e9gionale avec les \u00c9tats oc\u00e9aniens<\/b> et doivent, obligatoirement, contribuer \u00e0 l\u2019insertion r\u00e9gionale des collectivit\u00e9s fran\u00e7aises oc\u00e9aniennes (Nouvelle-Cal\u00e9donie, Polyn\u00e9sie fran\u00e7aise, Wallis et Futuna) et aux actions de coop\u00e9ration \u00e9conomique, sociale et culturelle. Comme l\u2019ann\u00e9e pr\u00e9c\u00e9dente, une pr\u00e9f\u00e9rence sera donn\u00e9e aux projets permettant aux collectivit\u00e9s fran\u00e7aises d\u2019\u00eatre associ\u00e9es\u00a0:<\/p>\n<ul>\n<li>\u00e0 la\u00a0<b>lutte contre le changement climatique<\/b>,<\/li>\n<li>\u00e0 la\u00a0<b>protection de l\u2019environnement<\/b>\u00a0et \u00e0 la\u00a0<b>r\u00e9ponse aux risques de catastrophes<\/b>,<\/li>\n<li>aux projets en lien avec\u00a0<b>la s\u00e9curit\u00e9 sanitaire ou alimentaire<\/b>\u00a0(lutte contre les maladies end\u00e9miques, gestion des ressources halieutiques,\u2026)<\/li>\n<li>aux\u00a0<b>projets \u00e0 caract\u00e8re \u00e9conomique mettant en \u0153uvre le savoir-faire des collectivit\u00e9s fran\u00e7aises<\/b>\u00a0concourant au renforcement des \u00e9changes \u00e9conomiques au niveau r\u00e9gional.<\/li>\n<\/ul>\n<p>La priorit\u00e9 sera donn\u00e9e aux projets pr\u00e9sentant une dimension suffisante et susceptibles d\u2019avoir un impact durable.<\/p>\n<h3><strong><span style=\"color: #2854a0\">Conditions financi\u00e8res<\/span><\/strong><\/h3>\n<p>La contribution du fonds Pacifique ne doit pas d\u00e9passer <b>50% du co\u00fbt global du projet<\/b>. L\u2019assiette sur laquelle est calcul\u00e9e cette contribution ne doit pas int\u00e9grer les frais de gestion du b\u00e9n\u00e9ficiaire, ni ses charges salariales fixes. Le SPP attire l\u2019attention des porteurs de projet sur les budgets pr\u00e9visionnels puisque les valorisations en nature (pr\u00eats de locaux, pr\u00eats de mat\u00e9riels, salaires structurels, etc.) effectu\u00e9es par les organismes b\u00e9n\u00e9ficiaires ne doivent pas exc\u00e9der 20% du montant total du projet.<\/p>\n<p>Une attention sp\u00e9cifique sera port\u00e9e sur\u00a0<b>l\u2019\u00e9quilibre du projet<\/b>\u00a0pr\u00e9visionnel et la pr\u00e9sence des\u00a0<b>lettres d\u2019engagement<\/b>\u00a0des \u00e9ventuels\u00a0<b>co-partenaires<\/b>, les\u00a0<b>cofinancements<\/b>\u00a0devant \u00eatre confirm\u00e9s au moment de la constitution du dossier.<\/p>\n<h3><strong><span style=\"color: #2854a0\">\u00c9ch\u00e9ances<\/span><\/strong><\/h3>\n<p>Le comit\u00e9 directeur habilit\u00e9 \u00e0 se prononcer sur les projets pr\u00e9sent\u00e9s (cf. <em>D\u00e9cret du 24 mars 2004 relatif au comit\u00e9 directeur institu\u00e9 pour la r\u00e9partition des cr\u00e9dits inscrits au titre du Fonds de coop\u00e9ration \u00e9conomique, sociale et culturelle pour le Pacifique<\/em>) se r\u00e9unira au premier trimestre 2023.<\/p>\n<p>Afin de respecter le calendrier fix\u00e9, le haut-commissariat n\u2019instruira plus aucun projet d\u00e9pos\u00e9 apr\u00e8s <strong>22 novembre 2023<\/strong>.<\/p>\n<p>Les porteurs de projet devront renseigner correctement une fiche-projet et un budget pr\u00e9visionnel simplifi\u00e9 dont les mod\u00e8les peuvent \u00eatre t\u00e9l\u00e9charg\u00e9s ci-dessous :<\/p>\n<div class=\"fusion-button-wrapper\"><a class=\"fusion-button button-flat fusion-button-default-size button-default fusion-button-default button-1 fusion-button-default-span fusion-button-default-type\" target=\"_self\" href=\"https:\/\/www.polynesie-francaise.pref.gouv.fr\/Publications\/Publications-legales-et-avis\/Appel-a-projets\/FONDS-PACIFIQUE-Premier-appel-a-projets-pour-l-annee-2024\" rel=\"noopener\"><span class=\"fusion-button-text\">T\u00e9l\u00e9charger les documents<\/span><\/a><\/div>\n<h3><strong><span style=\"color: #2854a0\">Envoi des dossiers<br \/>\n<\/span><\/strong><\/h3>\n<ul>\n<li>Par courrier \u00e0 :<\/li>\n<\/ul>\n<blockquote>\n<p><strong>Haut-commissariat de la R\u00e9publique en Polyn\u00e9sie fran\u00e7aise<\/strong><br \/>\nCabinet \u2013 Cellule Diplomatique \u2013 Fonds Pacifique<br \/>\nBP 115 \u2013 98713 PAPEETE<\/p>\n<\/blockquote>\n<ul>\n<li>Par courriel \u00e0 : <a href=\"https:\/\/www.service-public.pf\/djs\/fonds-pacifique-appel-a-projets-pour-lexercice-2024\/mailto:fondspacifique@polynesie-francaise.pref.gouv.fr\" target=\"_blank\" rel=\"noopener\"><strong><span style=\"color: #2854a0\">fondspacifique@polynesie-francaise.pref.gouv.fr<\/span><\/strong><\/a><\/li>\n<\/ul>\n<p><i class=\"fb-icon-element-1 fb-icon-element fontawesome-icon fa-info-circle fas circle-no fusion-text-flow\" style=\"--awb-iconcolor:#f8ac54;--awb-iconcolor-hover:#f8ac54;--awb-font-size:18px;--awb-margin-right:9px;\"><\/i><strong>Renseignements :<\/strong> Cellule diplomatique du cabinet du Haut-commissaire de la R\u00e9publique en Polyn\u00e9sie fran\u00e7aise \u2013 <strong>T\u00e9l. 40 46 87 00<\/strong><\/p>\n<\/div>\n<div class=\"fusion-clearfix\"><\/div>\n<\/div>\n<\/div>\n<p><a target=\"_blank\" style=\"text-decoration : underline; font-size:small;\" href=\"https:\/\/www.service-public.pf\/djs\/fonds-pacifique-appel-a-projets-pour-lexercice-2024\/\" rel=\"noopener\">Source de r\u00e9f\u00e9rence<\/a><\/p>\n","protected":false},"excerpt":{"rendered":"<p>L\u2019appel \u00e0 projets 2023 du \u00ab Fonds de coop\u00e9ration \u00e9conomique, sociale et culturelle pour le Pacifique \u00bb (Fonds Pacifique) a \u00e9t\u00e9 lanc\u00e9 par le Secr\u00e9tariat permanent pour le Pacifique\u00a0 Les porteurs de projet, qu\u2019ils soient acteurs institutionnels ou interlocuteurs de la soci\u00e9t\u00e9 civile, sont invit\u00e9s \u00e0 t\u00e9l\u00e9charger leur dossier depuis le site internet du haut-commissariat [&hellip;]<\/p>\n","protected":false},"author":1,"featured_media":6666,"parent":0,"menu_order":0,"template":"","meta":{"om_disable_all_campaigns":false,"inline_featured_image":false,"footnotes":""},"categories":[85],"class_list":["post-6665","actualites","type-actualites","status-publish","has-post-thumbnail","hentry","category-actualites-djs","has-post-title","has-post-date","has-post-category","has-post-tag","has-post-comment","has-post-author",""],"aioseo_notices":[],"ptb_metabox":[],"ptb_taxonomy":{"category":[{"term_id":85,"name":"Actualit\u00e9s &gt; DJS","slug":"actualites-djs","term_group":0,"term_taxonomy_id":85,"taxonomy":"category","description":"","parent":39,"count":19,"filter":"raw"}]},"ptb_featured_image":{"url":"https:\/\/foreveryoung.gov.pf\/wp-content\/uploads\/2023\/10\/FONDS-Pacifique.jpg","title":"FONDS-Pacifique.jpg","caption":""},"builder_content":"","_links":{"self":[{"href":"https:\/\/foreveryoung.gov.pf\/en\/wp-json\/wp\/v2\/actualites\/6665","targetHints":{"allow":["GET"]}}],"collection":[{"href":"https:\/\/foreveryoung.gov.pf\/en\/wp-json\/wp\/v2\/actualites"}],"about":[{"href":"https:\/\/foreveryoung.gov.pf\/en\/wp-json\/wp\/v2\/types\/actualites"}],"author":[{"embeddable":true,"href":"https:\/\/foreveryoung.gov.pf\/en\/wp-json\/wp\/v2\/users\/1"}],"version-history":[{"count":0,"href":"https:\/\/foreveryoung.gov.pf\/en\/wp-json\/wp\/v2\/actualites\/6665\/revisions"}],"wp:featuredmedia":[{"embeddable":true,"href":"https:\/\/foreveryoung.gov.pf\/en\/wp-json\/wp\/v2\/media\/6666"}],"wp:attachment":[{"href":"https:\/\/foreveryoung.gov.pf\/en\/wp-json\/wp\/v2\/media?parent=6665"}],"wp:term":[{"taxonomy":"category","embeddable":true,"href":"https:\/\/foreveryoung.gov.pf\/en\/wp-json\/wp\/v2\/categories?post=6665"}],"curies":[{"name":"wp","href":"https:\/\/api.w.org\/{rel}","templated":true}]}}