{"id":6588,"date":"2023-10-11T15:43:00","date_gmt":"2023-10-12T01:43:00","guid":{"rendered":"https:\/\/foreveryoung.gov.pf\/?post_type=actualites&#038;p=6588"},"modified":"2023-10-11T15:43:07","modified_gmt":"2023-10-12T01:43:07","slug":"erasmus-days-sessions-dinformation","status":"publish","type":"actualites","link":"https:\/\/foreveryoung.gov.pf\/en\/actualite\/erasmus-days-sessions-dinformation\/","title":{"rendered":"&#8220;Erasmus Days&#8221; &#8211; Sessions d&#8217;information"},"content":{"rendered":"<!-- wp:themify-builder\/canvas \/-->\n\n\n<details class=\"wp-block-details is-layout-flow wp-block-details-is-layout-flow\"><summary>La Ministre Nahema Temarii a ouvert la premi\u00e8re session d&#8217;information Erasmus+<\/summary>\n<p><\/p>\n<\/details>\n\n\n<p style=\"text-align: center;\">Session d\u2019information Erasmus+<\/p>\n<p style=\"text-align: center;\">Dans le cadre de ses actions de valorisation de la jeunesse et du sport, Nahema TEMARII,<br \/>ministre des Sports, de la Jeunesse et de la Pr\u00e9vention de la d\u00e9linquance, a ouvert ce<br \/>mardi 10 octobre, en partenariat avec l\u2019agence fran\u00e7aise Erasmus+ Jeunesse et sport, et<br \/>la D\u00e9l\u00e9gation aux Affaires Internationales, Europ\u00e9ennes et du Pacifique de la Polyn\u00e9sie<br \/>fran\u00e7aise (DAIEP), une session d\u2019information sur les programmes europ\u00e9ens Erasmus+<br \/>et Corps europ\u00e9en de solidarit\u00e9.<br \/>Cet \u00e9v\u00e9nement, qui s\u2019est tenu pendant les \u00ab Erasmus Days 2023 \u00bb, a \u00e9t\u00e9 accueilli par<br \/>l\u2019Institut de la Jeunesse et des Sports de la Polyn\u00e9sie fran\u00e7aise (IJSPF).<br \/>Cette r\u00e9union, \u00e0 destination des acteurs de la jeunesse et du sport (associations,<br \/>f\u00e9d\u00e9rations, centres sp\u00e9cialis\u00e9s\u2026), a eu pour objectif de promouvoir et de pr\u00e9senter les<br \/>opportunit\u00e9s de mobilit\u00e9 et d\u2019engagement des jeunes et sportifs en Europe, encore<br \/>m\u00e9connues et tr\u00e8s peu sollicit\u00e9es dans notre Pays.<br \/>Ce temps d\u2019information a ainsi permis d\u2019offrir l\u2019occasion aux associations et f\u00e9d\u00e9rations<br \/>pr\u00e9sentes, de se projeter dans des projets potentiellement financ\u00e9s par l\u2019Union<br \/>europ\u00e9enne (UE), qui visent \u00e0 permettre aux jeunes et aux acteurs de la jeunesse et du<br \/>sport, soit de faire l\u2019exp\u00e9rience d\u2019une mobilit\u00e9 et ainsi de d\u00e9couvrir l\u2019Europe, tout en<br \/>d\u00e9veloppant leurs comp\u00e9tences personnelles et professionnelles (Erasmus+ Jeunesse et<br \/>sport), soit de s\u2019engager sur une activit\u00e9 de solidarit\u00e9 et de b\u00e9n\u00e9volat (Corps europ\u00e9en<br \/>de solidarit\u00e9).<br \/>Ces dispositifs permettent en outre aux associations de b\u00e9n\u00e9ficier de moyens humains et<br \/>financiers, tout en valorisant la culture polyn\u00e9sienne aupr\u00e8s de jeunes venus de<br \/>l\u2019\u00c9tranger ou \u00e0 l\u2019inverse, de s\u2019ouvrir aux valeurs europ\u00e9ennes partag\u00e9es par ces derniers<br \/>aupr\u00e8s de nos jeunes Polyn\u00e9siens lors de leur s\u00e9jour au Fenua.<br \/>L\u2019occasion \u00e9galement pour certains porteurs de projet locaux, de partager leurs<br \/>exp\u00e9riences respectives de ces programmes europ\u00e9ens d\u00e9di\u00e9s \u00e0 la jeunesse et au sport<br \/>Erasmus+, \u00e0 l\u2019instar du lyc\u00e9e agricole d\u2019Opunohu, qui a pu b\u00e9n\u00e9ficier du programme<br \/>Erasmus+ ou encore la soci\u00e9t\u00e9 d\u2019Ornithologie de Polyn\u00e9sie \u00ab SOP Manu \u00bb qui a pu<br \/>accueillir des volontaires du Corps europ\u00e9en de solidarit\u00e9 Erasmus+ pour son<br \/>programme de sauvegarde du Monarque de Polyn\u00e9sie.<br \/>Un second rendez-vous devrait compl\u00e9ter ce temps d\u2019information au premier trimestre<br \/>de l\u2019ann\u00e9e 2024, lors d\u2019ateliers d\u2019accompagnement pour le montage et le d\u00e9p\u00f4t de<br \/>projets.<br \/>La ministre Nahema TEMARII remercie les organisateurs de cette matin\u00e9e, et encourage<br \/>vivement les b\u00e9n\u00e9voles des associations \u00e0 valoriser ce type de projets en faveur de la<br \/>jeunesse polyn\u00e9sienne.<\/p>\n\n\n<figure class=\"wp-block-gallery has-nested-images columns-default is-cropped wp-block-gallery-1 is-layout-flex wp-block-gallery-is-layout-flex\">\n<figure class=\"wp-block-image size-large\"><img loading=\"lazy\" decoding=\"async\" width=\"1024\" height=\"626\" data-id=\"6593\" src=\"https:\/\/foreveryoung.gov.pf\/wp-content\/uploads\/2023\/10\/2023-10-10-MJP-Ouverture-de-la-session-dinformation-ERASMUS-Jeunesse-et-Sport-3-1-1024x626.jpg\" alt=\"\" class=\"wp-image-6593\" srcset=\"https:\/\/foreveryoung.gov.pf\/wp-content\/uploads\/2023\/10\/2023-10-10-MJP-Ouverture-de-la-session-dinformation-ERASMUS-Jeunesse-et-Sport-3-1-1024x626.jpg 1024w, https:\/\/foreveryoung.gov.pf\/wp-content\/uploads\/2023\/10\/2023-10-10-MJP-Ouverture-de-la-session-dinformation-ERASMUS-Jeunesse-et-Sport-3-1-300x183.jpg 300w, https:\/\/foreveryoung.gov.pf\/wp-content\/uploads\/2023\/10\/2023-10-10-MJP-Ouverture-de-la-session-dinformation-ERASMUS-Jeunesse-et-Sport-3-1-768x469.jpg 768w, https:\/\/foreveryoung.gov.pf\/wp-content\/uploads\/2023\/10\/2023-10-10-MJP-Ouverture-de-la-session-dinformation-ERASMUS-Jeunesse-et-Sport-3-1-1536x938.jpg 1536w, https:\/\/foreveryoung.gov.pf\/wp-content\/uploads\/2023\/10\/2023-10-10-MJP-Ouverture-de-la-session-dinformation-ERASMUS-Jeunesse-et-Sport-3-1.jpg 2000w\" sizes=\"auto, (max-width: 1024px) 100vw, 1024px\" \/><\/figure>\n\n\n\n<figure class=\"wp-block-image size-large\"><img loading=\"lazy\" decoding=\"async\" width=\"1024\" height=\"626\" data-id=\"6597\" src=\"https:\/\/foreveryoung.gov.pf\/wp-content\/uploads\/2023\/10\/2023-10-10-MJP-Ouverture-de-la-session-dinformation-ERASMUS-Jeunesse-et-Sport-6-1024x626.jpg\" alt=\"\" class=\"wp-image-6597\" srcset=\"https:\/\/foreveryoung.gov.pf\/wp-content\/uploads\/2023\/10\/2023-10-10-MJP-Ouverture-de-la-session-dinformation-ERASMUS-Jeunesse-et-Sport-6-1024x626.jpg 1024w, https:\/\/foreveryoung.gov.pf\/wp-content\/uploads\/2023\/10\/2023-10-10-MJP-Ouverture-de-la-session-dinformation-ERASMUS-Jeunesse-et-Sport-6-300x183.jpg 300w, https:\/\/foreveryoung.gov.pf\/wp-content\/uploads\/2023\/10\/2023-10-10-MJP-Ouverture-de-la-session-dinformation-ERASMUS-Jeunesse-et-Sport-6-768x469.jpg 768w, https:\/\/foreveryoung.gov.pf\/wp-content\/uploads\/2023\/10\/2023-10-10-MJP-Ouverture-de-la-session-dinformation-ERASMUS-Jeunesse-et-Sport-6-1536x938.jpg 1536w, https:\/\/foreveryoung.gov.pf\/wp-content\/uploads\/2023\/10\/2023-10-10-MJP-Ouverture-de-la-session-dinformation-ERASMUS-Jeunesse-et-Sport-6.jpg 2000w\" sizes=\"auto, (max-width: 1024px) 100vw, 1024px\" \/><\/figure>\n\n\n\n<figure class=\"wp-block-image size-large\"><img loading=\"lazy\" decoding=\"async\" width=\"1024\" height=\"626\" data-id=\"6595\" src=\"https:\/\/foreveryoung.gov.pf\/wp-content\/uploads\/2023\/10\/2023-10-10-MJP-Ouverture-de-la-session-dinformation-ERASMUS-Jeunesse-et-Sport-7-1024x626.jpg\" alt=\"\" class=\"wp-image-6595\" srcset=\"https:\/\/foreveryoung.gov.pf\/wp-content\/uploads\/2023\/10\/2023-10-10-MJP-Ouverture-de-la-session-dinformation-ERASMUS-Jeunesse-et-Sport-7-1024x626.jpg 1024w, https:\/\/foreveryoung.gov.pf\/wp-content\/uploads\/2023\/10\/2023-10-10-MJP-Ouverture-de-la-session-dinformation-ERASMUS-Jeunesse-et-Sport-7-300x183.jpg 300w, https:\/\/foreveryoung.gov.pf\/wp-content\/uploads\/2023\/10\/2023-10-10-MJP-Ouverture-de-la-session-dinformation-ERASMUS-Jeunesse-et-Sport-7-768x469.jpg 768w, https:\/\/foreveryoung.gov.pf\/wp-content\/uploads\/2023\/10\/2023-10-10-MJP-Ouverture-de-la-session-dinformation-ERASMUS-Jeunesse-et-Sport-7-1536x938.jpg 1536w, https:\/\/foreveryoung.gov.pf\/wp-content\/uploads\/2023\/10\/2023-10-10-MJP-Ouverture-de-la-session-dinformation-ERASMUS-Jeunesse-et-Sport-7.jpg 2000w\" sizes=\"auto, (max-width: 1024px) 100vw, 1024px\" \/><\/figure>\n<\/figure>\n","protected":false},"excerpt":{"rendered":"<p>Ce mardi matin, la Ministre Nahema Temarii a ouvert la premi\u00e8re session d&#8217;information pour les porteurs de projets et les dispositifs propos\u00e9s par Eramus. Retour en infos et en images sur cette matin\u00e9e riche en partages et en questions. <\/p>\n","protected":false},"author":22,"featured_media":6591,"parent":0,"menu_order":0,"template":"","meta":{"om_disable_all_campaigns":false,"inline_featured_image":false,"footnotes":""},"categories":[],"class_list":["post-6588","actualites","type-actualites","status-publish","has-post-thumbnail","hentry","has-post-title","has-post-date","has-post-category","has-post-tag","has-post-comment","has-post-author",""],"aioseo_notices":[],"ptb_metabox":[],"ptb_taxonomy":[],"ptb_featured_image":{"url":"https:\/\/foreveryoung.gov.pf\/wp-content\/uploads\/2023\/10\/2023-10-10-MJP-Ouverture-de-la-session-dinformation-ERASMUS-Jeunesse-et-Sport-3.jpg","title":"2023-10-10 - MJP - Ouverture de la session d\u2019information ERASMUS+ Jeunesse et Sport (3)","caption":""},"builder_content":"","_links":{"self":[{"href":"https:\/\/foreveryoung.gov.pf\/en\/wp-json\/wp\/v2\/actualites\/6588","targetHints":{"allow":["GET"]}}],"collection":[{"href":"https:\/\/foreveryoung.gov.pf\/en\/wp-json\/wp\/v2\/actualites"}],"about":[{"href":"https:\/\/foreveryoung.gov.pf\/en\/wp-json\/wp\/v2\/types\/actualites"}],"author":[{"embeddable":true,"href":"https:\/\/foreveryoung.gov.pf\/en\/wp-json\/wp\/v2\/users\/22"}],"version-history":[{"count":2,"href":"https:\/\/foreveryoung.gov.pf\/en\/wp-json\/wp\/v2\/actualites\/6588\/revisions"}],"predecessor-version":[{"id":6600,"href":"https:\/\/foreveryoung.gov.pf\/en\/wp-json\/wp\/v2\/actualites\/6588\/revisions\/6600"}],"wp:featuredmedia":[{"embeddable":true,"href":"https:\/\/foreveryoung.gov.pf\/en\/wp-json\/wp\/v2\/media\/6591"}],"wp:attachment":[{"href":"https:\/\/foreveryoung.gov.pf\/en\/wp-json\/wp\/v2\/media?parent=6588"}],"wp:term":[{"taxonomy":"category","embeddable":true,"href":"https:\/\/foreveryoung.gov.pf\/en\/wp-json\/wp\/v2\/categories?post=6588"}],"curies":[{"name":"wp","href":"https:\/\/api.w.org\/{rel}","templated":true}]}}