{"id":5528,"date":"2023-06-16T11:20:44","date_gmt":"2023-06-16T21:20:44","guid":{"rendered":"https:\/\/foreveryoung.gov.pf\/actualite\/rendez-vous-des-cvl-un-echange-necessaire-sur-lhonorabilite-et-les-conditions-de-travail-dans-les-centres-de-vacances\/"},"modified":"2023-06-16T11:20:44","modified_gmt":"2023-06-16T21:20:44","slug":"rendez-vous-des-cvl-un-echange-necessaire-sur-lhonorabilite-et-les-conditions-de-travail-dans-les-centres-de-vacances","status":"publish","type":"actualites","link":"https:\/\/foreveryoung.gov.pf\/en\/actualite\/rendez-vous-des-cvl-un-echange-necessaire-sur-lhonorabilite-et-les-conditions-de-travail-dans-les-centres-de-vacances\/","title":{"rendered":"RENDEZ-VOUS DES CVL : Un \u00e9change n\u00e9cessaire sur l\u2019honorabilit\u00e9 et les conditions de travail dans les centres de vacances\u00a0"},"content":{"rendered":"<p><\/p>\n<div class=\"fusion-layout-column fusion_builder_column fusion-builder-column-0 fusion_builder_column_1_1 1_1 fusion-flex-column\" style=\"--awb-bg-size:cover;--awb-width-large:100%;--awb-margin-top-large:0px;--awb-spacing-right-large:1.92%;--awb-margin-bottom-large:10px;--awb-spacing-left-large:1.92%;--awb-width-medium:100%;--awb-order-medium:0;--awb-spacing-right-medium:1.92%;--awb-spacing-left-medium:1.92%;--awb-width-small:100%;--awb-order-small:0;--awb-spacing-right-small:1.92%;--awb-spacing-left-small:1.92%;\">\n<div class=\"fusion-column-wrapper fusion-column-has-shadow fusion-flex-justify-content-flex-start fusion-content-layout-column\">\n<div class=\"fusion-text fusion-text-1\">\n<p class=\"x_elementToProof\"><span class=\"x_x_ContentPasted0\">Ce matin, la Direction de la Jeunesse et des Sports (DJS) a rassembl\u00e9\u00a0<\/span><span class=\"x_x_ContentPasted0\">une soixantaine de<\/span><span class=\"x_x_ContentPasted0\">\u00a0dirigeants des centres de vacances et de loisirs pour un \u00e9v\u00e9nement devenu incontournable dans notre agenda : l<\/span><span class=\"x_x_ContentPasted0\">es<\/span><span class=\"x_x_ContentPasted0\">\u00a0RENDEZ-VOUS DES CVL.\u00a0<span class=\"x_x_ContentPasted0 x_ContentPasted1\">Ces temps de rencontres ont pour objectifs de r\u00e9pondre aux demandes et attentes des organisateurs de CVL.<\/span><\/span><\/p>\n<p class=\"x_elementToProof\"><span class=\"x_x_ContentPasted0\">Ce 1er RDV de l\u2019ann\u00e9e, s\u2019est d\u00e9roul\u00e9 dans le nouvel amphith\u00e9\u00e2tre de l\u2019lJSPF \u00e0 Pirae et s\u2019est concentr\u00e9 sur les questions d\u2019honorabilit\u00e9\u00a0<\/span><span class=\"x_x_ContentPasted0\">du personnel en CVL<\/span><span class=\"x_x_ContentPasted0\">, de conditions de travail et de la convention d\u2019engagement \u00e9ducatif (CEE) pour le personnel encadrant qui s\u2019investit au sein des centres de vacances et de loisirs.\u00a0<\/span><\/p>\n<p class=\"x_elementToProof\"><span class=\"x_x_ContentPasted0\">Les objectifs de cette rencontre \u00e9taient de :<\/span><\/p>\n<ul data-editing-info=\"{\">\n<li><span class=\"x_x_ContentPasted0\">Rappeler les aspects r\u00e8glementaires importants concernant l\u2019honorabilit\u00e9 du personnel des CVL,<\/span><\/li>\n<li><span class=\"x_x_ContentPasted0\">D\u2019informer sur le dispositif de la Convention d\u2019Engagement Educatif (CEE),<\/span><\/li>\n<li><span class=\"x_x_ContentPasted0\">R\u00e9pondre aux questions.<\/span><\/li>\n<\/ul>\n<div><span class=\"x_x_ContentPasted0\">C\u2019\u00e9tait une pr\u00e9sentation riche mais n\u00e9cessaire afin de mieux pr\u00e9parer l\u2019ouverture des prochains centres de vacances \u00e0 l\u2019approche des grandes vacances de juillet et ao\u00fbt. La s\u00e9curit\u00e9 des enfants \u00e9tant une priorit\u00e9 absolue, il \u00e9tait essentiel d\u2019aborder ces sujets cruciaux.\u00a0<\/span><\/div>\n<p class=\"x_elementToProof\"><span class=\"x_x_ContentPasted0\">Cet \u00e9v\u00e9nement a \u00e9t\u00e9 organis\u00e9 par les agents de la DJS, et ouvert sous la supervision de notre Directeur Adjoint, Hiro CHANG.\u00a0 De plus, James Pauwels, conseiller technique jeunesse, repr\u00e9sentait notre Ministre des Sports et de la jeunesse, soulignant l\u2019implication active des b\u00e9n\u00e9voles en CVL au service de notre jeunesse.\u00a0<\/span><\/p>\n<p class=\"x_elementToProof\"><span class=\"x_x_ContentPasted0\">Les RENDEZ-VOUS DES CVL a \u00e9t\u00e9 l\u2019occasion pour les participants de poser des questions, d\u2019\u00e9changer des id\u00e9es et de partager leurs exp\u00e9riences. Les discussions approfondies ont permis de renforcer la compr\u00e9hension des enjeux li\u00e9s \u00e0 l\u2019honorabilit\u00e9 et aux conditions de travail, favorisant ainsi la mise en place de mesures adapt\u00e9es et efficaces pour la qualit\u00e9 des CVL.\u00a0<\/span><\/p>\n<p class=\"x_elementToProof\"><span class=\"x_x_ContentPasted0\">Gr\u00e2ce \u00e0 ces efforts conjoints, les centres de vacances et de loisirs seront pr\u00eats \u00e0 accueillir les enfants dans un environnement s\u00fbr, bienveillant et propice \u00e0 leur \u00e9panouissement. La DJS continue de s\u2019engager activement pour soutenir le d\u00e9veloppement et la p\u00e9rennit\u00e9 de ces structures qui jouent un r\u00f4le essentiel dans la vie des jeunes.\u00a0<\/span><\/p>\n<p><span class=\"x_x_ContentPasted0\">Ensemble, nous travaillons pour garantir des vacances inoubliables et enrichissantes pour nos enfants. Restez inform\u00e9(e)s pour plus de mises \u00e0 jour sur les prochaines actions de la DJS !\u00a0<\/span><\/p>\n<\/div>\n<div class=\"fusion-image-carousel fusion-image-carousel-fixed fusion-image-carousel-1 fusion-carousel-border\">\n<div class=\"awb-carousel awb-swiper awb-swiper-carousel\" data-autoplay=\"no\" data-columns=\"5\" data-itemmargin=\"13\" data-itemwidth=\"180\" data-touchscroll=\"no\" data-imagesize=\"fixed\">\n<div class=\"swiper-wrapper awb-image-carousel-wrapper fusion-flex-align-items-center\">\n<div class=\"swiper-slide\">\n<div class=\"fusion-carousel-item-wrapper\">\n<div class=\"fusion-image-wrapper hover-type-none\"><img loading=\"lazy\" width=\"320\" height=\"202\" src=\"https:\/\/www.service-public.pf\/djs\/wp-content\/uploads\/sites\/33\/2023\/06\/351718028_298611919264271_7958929679269643259_n-320x202.jpg\" class=\"attachment-blog-medium size-blog-medium\" alt=\"\" decoding=\"async\"><\/div>\n<\/div>\n<\/div>\n<div class=\"swiper-slide\">\n<div class=\"fusion-carousel-item-wrapper\">\n<div class=\"fusion-image-wrapper hover-type-none\"><img loading=\"lazy\" width=\"320\" height=\"202\" src=\"https:\/\/www.service-public.pf\/djs\/wp-content\/uploads\/sites\/33\/2023\/06\/351638289_1245774756141641_5806901573441056640_n-320x202.jpg\" class=\"attachment-blog-medium size-blog-medium\" alt=\"\" decoding=\"async\"><\/div>\n<\/div>\n<\/div>\n<div class=\"swiper-slide\">\n<div class=\"fusion-carousel-item-wrapper\">\n<div class=\"fusion-image-wrapper hover-type-none\"><img loading=\"lazy\" width=\"320\" height=\"202\" src=\"https:\/\/www.service-public.pf\/djs\/wp-content\/uploads\/sites\/33\/2023\/06\/351710799_2464473920397664_8733937500896674303_n-320x202.jpg\" class=\"attachment-blog-medium size-blog-medium\" alt=\"\" decoding=\"async\"><\/div>\n<\/div>\n<\/div>\n<div class=\"swiper-slide\">\n<div class=\"fusion-carousel-item-wrapper\">\n<div class=\"fusion-image-wrapper hover-type-none\"><img loading=\"lazy\" width=\"320\" height=\"202\" src=\"https:\/\/www.service-public.pf\/djs\/wp-content\/uploads\/sites\/33\/2023\/06\/351722197_584861340468997_8138731974188012689_n-320x202.jpg\" class=\"attachment-blog-medium size-blog-medium\" alt=\"\" decoding=\"async\"><\/div>\n<\/div>\n<\/div>\n<div class=\"swiper-slide\">\n<div class=\"fusion-carousel-item-wrapper\">\n<div class=\"fusion-image-wrapper hover-type-none\"><img loading=\"lazy\" width=\"320\" height=\"202\" src=\"https:\/\/www.service-public.pf\/djs\/wp-content\/uploads\/sites\/33\/2023\/06\/351467920_1294050324534220_5220545505190947154_n-320x202.jpg\" class=\"attachment-blog-medium size-blog-medium\" alt=\"\" decoding=\"async\"><\/div>\n<\/div>\n<\/div>\n<\/div>\n<div class=\"awb-swiper-button awb-swiper-button-prev\"><i class=\"awb-icon-angle-left\" aria-hidden=\"true\"><\/i><\/div>\n<div class=\"awb-swiper-button awb-swiper-button-next\"><i class=\"awb-icon-angle-right\" aria-hidden=\"true\"><\/i><\/div>\n<\/div>\n<\/div>\n<\/div>\n<\/div>\n<p><a class=\"outer-link\" href=\"https:\/\/www.service-public.pf\/djs\/rendez-vous-des-cvl-un-echange-necessaire-sur-lhonorabilite-et-les-conditions-de-travail-dans-les-centres-de-vacances\/\">En voir plus sur le site de la DJS <\/a><\/p>\n","protected":false},"excerpt":{"rendered":"<p>Ce matin, la Direction de la Jeunesse et des Sports (DJS) a rassembl\u00e9\u00a0une soixantaine de\u00a0dirigeants des centres de vacances et de loisirs pour un \u00e9v\u00e9nement devenu incontournable dans notre agenda : les\u00a0RENDEZ-VOUS DES CVL.\u00a0Ces temps de rencontres ont pour objectifs de r\u00e9pondre aux demandes et attentes des organisateurs de CVL. Ce 1er RDV de l\u2019ann\u00e9e, [&hellip;]<\/p>\n","protected":false},"author":1,"featured_media":5529,"parent":0,"menu_order":0,"template":"","meta":{"om_disable_all_campaigns":false,"inline_featured_image":false,"footnotes":""},"categories":[85],"class_list":["post-5528","actualites","type-actualites","status-publish","has-post-thumbnail","hentry","category-actualites-djs","has-post-title","has-post-date","has-post-category","has-post-tag","has-post-comment","has-post-author",""],"aioseo_notices":[],"ptb_metabox":[],"ptb_taxonomy":{"category":[{"term_id":85,"name":"Actualit\u00e9s &gt; DJS","slug":"actualites-djs","term_group":0,"term_taxonomy_id":85,"taxonomy":"category","description":"","parent":39,"count":19,"filter":"raw"}]},"ptb_featured_image":{"url":"https:\/\/foreveryoung.gov.pf\/wp-content\/uploads\/2023\/08\/RENDEZ-VOUS-DES-CVL-Un-echange-necessaire-sur-lhonorabilite-et.jpg","title":"RENDEZ-VOUS-DES-CVL-Un-echange-necessaire-sur-lhonorabilite-et.jpg","caption":""},"builder_content":"","_links":{"self":[{"href":"https:\/\/foreveryoung.gov.pf\/en\/wp-json\/wp\/v2\/actualites\/5528","targetHints":{"allow":["GET"]}}],"collection":[{"href":"https:\/\/foreveryoung.gov.pf\/en\/wp-json\/wp\/v2\/actualites"}],"about":[{"href":"https:\/\/foreveryoung.gov.pf\/en\/wp-json\/wp\/v2\/types\/actualites"}],"author":[{"embeddable":true,"href":"https:\/\/foreveryoung.gov.pf\/en\/wp-json\/wp\/v2\/users\/1"}],"version-history":[{"count":0,"href":"https:\/\/foreveryoung.gov.pf\/en\/wp-json\/wp\/v2\/actualites\/5528\/revisions"}],"wp:featuredmedia":[{"embeddable":true,"href":"https:\/\/foreveryoung.gov.pf\/en\/wp-json\/wp\/v2\/media\/5529"}],"wp:attachment":[{"href":"https:\/\/foreveryoung.gov.pf\/en\/wp-json\/wp\/v2\/media?parent=5528"}],"wp:term":[{"taxonomy":"category","embeddable":true,"href":"https:\/\/foreveryoung.gov.pf\/en\/wp-json\/wp\/v2\/categories?post=5528"}],"curies":[{"name":"wp","href":"https:\/\/api.w.org\/{rel}","templated":true}]}}