{"id":5506,"date":"2023-07-04T10:08:59","date_gmt":"2023-07-04T20:08:59","guid":{"rendered":"https:\/\/foreveryoung.gov.pf\/actualite\/%f0%9f%93%a2%f0%9f%9a%80-appel-a-projets-2023-%f0%9f%9a%80%f0%9f%93%a2-2-heures-de-sport-en-plus-pour-les-collegiens-%f0%9f%92%aa%f0%9f%8f%bc%e2%9a%bd%f0%9f%8e%be\/"},"modified":"2023-07-04T10:08:59","modified_gmt":"2023-07-04T20:08:59","slug":"%f0%9f%93%a2%f0%9f%9a%80-appel-a-projets-2023-%f0%9f%9a%80%f0%9f%93%a2-2-heures-de-sport-en-plus-pour-les-collegiens-%f0%9f%92%aa%f0%9f%8f%bc%e2%9a%bd%f0%9f%8e%be","status":"publish","type":"actualites","link":"https:\/\/foreveryoung.gov.pf\/en\/actualite\/%f0%9f%93%a2%f0%9f%9a%80-appel-a-projets-2023-%f0%9f%9a%80%f0%9f%93%a2-2-heures-de-sport-en-plus-pour-les-collegiens-%f0%9f%92%aa%f0%9f%8f%bc%e2%9a%bd%f0%9f%8e%be\/","title":{"rendered":"\ud83d\udce2\ud83d\ude80 APPEL \u00c0 PROJETS 2023 \ud83d\ude80\ud83d\udce2  2 heures de sport en plus pour les coll\u00e9giens ! \ud83d\udcaa\ud83c\udffc\u26bd\ud83c\udfbe"},"content":{"rendered":"<p><\/p>\n<div class=\"fusion-layout-column fusion_builder_column fusion-builder-column-0 fusion_builder_column_1_1 1_1 fusion-flex-column\" style=\"--awb-bg-size:cover;--awb-width-large:100%;--awb-margin-top-large:0px;--awb-spacing-right-large:1.92%;--awb-margin-bottom-large:10px;--awb-spacing-left-large:1.92%;--awb-width-medium:100%;--awb-order-medium:0;--awb-spacing-right-medium:1.92%;--awb-spacing-left-medium:1.92%;--awb-width-small:100%;--awb-order-small:0;--awb-spacing-right-small:1.92%;--awb-spacing-left-small:1.92%;\">\n<div class=\"fusion-column-wrapper fusion-column-has-shadow fusion-flex-justify-content-flex-start fusion-content-layout-column\">\n<div class=\"fusion-text fusion-text-1\">\n<p><strong>\u00a0<\/strong>L\u2019objectif de cet appel \u00e0 projet est de <strong>favoriser la pratique sportive et l\u2019activit\u00e9 physique chez les coll\u00e9giens volontaires<\/strong>, notamment ceux les plus \u00e9loign\u00e9s de la pratique d\u2019une activit\u00e9 physique et sportive, afin de contribuer \u00e0 l\u2019am\u00e9lioration du bien-\u00eatre.<\/p>\n<p>Le porteur de projet doit pouvoir proposer et organiser des s\u00e9ances sportives, aux coll\u00e9giens des 6 \u00e9tablissements cibl\u00e9s. L\u2019offre propos\u00e9e doit pouvoir favoriser l\u2019activit\u00e9 physique des coll\u00e9giens, notamment les jeunes filles et les \u00e9l\u00e8ves \u00e0 besoins particuliers mais aussi tous les volontaires qui ne vont pas aujourd\u2019hui, ni \u00e0 l\u2019Association Sportive (AS) du coll\u00e8ge ni en club.<\/p>\n<p>Cette offre devra \u00eatre ludique et \u00ab\u00a0innovante\u00a0\u00bb pour aller chercher l\u2019adh\u00e9sion du public cible. Elle doit mettre en activit\u00e9 les jeunes. Ainsi pourront \u00eatre propos\u00e9s des activit\u00e9s de sports collectifs, de pleine nature, de yoga, pilate ou fitness par exemple mais aussi toutes les disciplines \u00e0 vocations culturelles Polyn\u00e9siennes comme le Tu\u2019aro Ma\u2019ohi.<\/p>\n<p>Les associations \u00e9ligibles sont principalement les associations sportives affili\u00e9es aux f\u00e9d\u00e9rations sportives agr\u00e9\u00e9s et disposant de la d\u00e9l\u00e9gation de service publique. Les f\u00e9d\u00e9rations sportives Tahitienne ou Polyn\u00e9sienne sont \u00e9ligibles \u00e0 cet appel \u00e0 projet et peuvent s\u2019appuyer sur leur r\u00e9seau associatif affili\u00e9.<\/p>\n<p>L\u2019association devra proposer une offre \u00e0 minima pour une p\u00e9riode de <strong>6 semaines cons\u00e9cutives<\/strong> (entre les vacances scolaire) afin d\u2019assurer la stabilit\u00e9 du dispositif qui s\u2019adressera \u00e0 un groupe de <strong>20 jeunes<\/strong>. Toutefois, la taille du groupe pourra \u00eatre r\u00e9duite en fonction des profils des enfants pris en charge et de la nature de l\u2019activit\u00e9. Dans l\u2019hypoth\u00e8se d\u2019une intervention dans les diff\u00e9rents archipels (Tuamotu, Australes ou \u00eeles Marquises) les stages \u00ab\u00a0mass\u00e9s\u00a0\u00bb seront possibles (week-end ou petites vacances).<\/p>\n<p>Le mouvement sportif et notamment les <strong>f\u00e9d\u00e9rations sportives Polyn\u00e9siennes<\/strong> (Tahitiennes) a donc un r\u00f4le cl\u00e9 \u00e0 jouer dans la r\u00e9ussite de ce dispositif. Il a une occasion unique de faire venir vers les clubs un nouveau public et de contribuer pleinement \u00e0 un enjeu de sant\u00e9 publique.<\/p>\n<p><strong>Pour 2023, les bornes calendaires pour la mise en \u0153uvre des projets seront les suivantes\u00a0:<\/strong><\/p>\n<p><strong>Du 25 septembre 2023 au 15 d\u00e9cembre 2023.<\/strong><\/p>\n<p>Dans le cadre de cet appel \u00e0 projet, la MATJS (repr\u00e9sentant le Minist\u00e8re des sports et des jeux Olympiques et Paralympiques en Polyn\u00e9sie fran\u00e7aise) prend \u00e0 sa charge le co\u00fbt pour l\u2019association de l\u2019intervention de ses \u00e9ducateurs sportifs ou b\u00e9n\u00e9voles <strong>sur une base de 12.000 xpf<\/strong> (100\u20ac) pour <strong>2 heures de pratiques pour un groupe moyen de 20 adolescents<\/strong> (nombre modulable en fonction de la nature de l\u2019activit\u00e9 et du profil des jeunes).<\/p>\n<p>Pour la rentr\u00e9e scolaire 2023-2024, <strong>6 coll\u00e8ges<\/strong> ont \u00e9t\u00e9 identifi\u00e9s pour d\u00e9velopper des activit\u00e9s physiques sur un temps p\u00e9ri et\/ou extra-scolaire. Il s\u2019agit des coll\u00e8ges de\u00a0:<\/p>\n<ul>\n<li>Ua Pou,<\/li>\n<li>Rangiroa,<\/li>\n<li>Hao,<\/li>\n<li>Rurutu,<\/li>\n<li>Bora-Bora,<\/li>\n<li>Henri Hiro de Faaa.<\/li>\n<\/ul>\n<p>La demande de paiement sera formul\u00e9e par l\u2019association ayant r\u00e9pondu \u00e0 l\u2019appel \u00e0 projet et retenu par la MATJS. Elle devra signer une convention avec un ou plusieurs des \u00e9tablissements cibl\u00e9s. Le mod\u00e8le type de cette convention peut \u00eatre demand\u00e9.<\/p>\n<p><strong><u>R\u00f4le des coll\u00e8ges dans le dispositif<\/u><\/strong><\/p>\n<p>Les 6 chefs d\u2019\u00e9tablissement cibl\u00e9s et qui disposent d\u2019un internat, devront\u00a0:<\/p>\n<ul>\n<li>Identifier les cr\u00e9neaux horaires disponibles dans les emplois du temps des \u00e9l\u00e8ves, permettant \u00e0 ces derniers de participer aux activit\u00e9s propos\u00e9es par les clubs sportifs\u00a0;<\/li>\n<li>Identifier les cr\u00e9neaux disponibles des \u00e9quipements sportifs du coll\u00e8ge\u00a0;<\/li>\n<li>Identifier les \u00e9l\u00e8ves qui participeront aux activit\u00e9s sportives et transmettre la liste des \u00e9l\u00e8ves \u00e0 l\u2019association qui met en place le cycle de s\u00e9ances\u00a0;<\/li>\n<li>Int\u00e9grer le projet \u00ab\u00a02 heures\u00a0\u00bb dans son projet d\u2019\u00e9tablissement\u00a0;<\/li>\n<li>Veille \u00e0 la mobilisation des professeurs d\u2019EPS et des parents d\u2019\u00e9l\u00e8ves\u00a0;<\/li>\n<li>D\u00e9signer un r\u00e9f\u00e9rents \u00ab\u00a02 heures\u00a0\u00bb parmi les professeurs d\u2019EPS (ou autre personnel de l\u2019\u00e9tablissement) afin d\u2019assurer le lien avec le programme d\u2019EPS et de l\u2019Association Sportive (AS).<\/li>\n<li>Avoir signer la convention qui lie le chef d\u2019\u00e9tablissement et l\u2019association qui propose son cycle de s\u00e9ances sportives (voir PJ)\u00a0;<\/li>\n<\/ul>\n<p><strong><u>R\u00f4le des associations sportives, porteuses du projet<\/u><\/strong><\/p>\n<p>Les f\u00e9d\u00e9rations ou associations affili\u00e9es ayant r\u00e9pondu \u00e0 cet appel \u00e0 projet devront\u00a0:<\/p>\n<ul>\n<li>Proposer une offre sportive adapt\u00e9e au public cibl\u00e9 par les chefs d\u2019\u00e9tablissement (6)\u00a0;<\/li>\n<li>Proposer un cycle de 6 s\u00e9ances ou un stage \u00ab\u00a0mass\u00e9\u00a0\u00bb sur une courte p\u00e9riode aupr\u00e8s d\u2019un ou plusieurs coll\u00e8ges cibl\u00e9s\u00a0;<\/li>\n<li>Assurer l\u2019encadrement professionnel ou b\u00e9n\u00e9vole du cycle propos\u00e9\u00a0;<\/li>\n<li>Fournir la carte professionnelle de l\u2019intervenant (s\u2019il s\u2019agit d\u2019un intervenant professionnel qualifi\u00e9)\u00a0;<\/li>\n<li>Avoir signer la convention qui lie le chef d\u2019\u00e9tablissement et l\u2019association qui propose son cycle de s\u00e9ances sportives\u00a0(voir PJ) ;<\/li>\n<li>Avoir \u00e9t\u00e9 retenu par la MATJS apr\u00e8s avoir d\u00e9pos\u00e9 son dossier d\u2019appel \u00e0 projet\u00a0et renseigner le CERFA 12156*06 ;<\/li>\n<\/ul>\n<p><strong>Comment r\u00e9pondre<\/strong><\/p>\n<p>Le dossier de candidature est t\u00e9l\u00e9chargeable sur le site de la DJS<\/p>\n<p><a target=\"_blank\" href=\"https:\/\/www.service-public.pf\/djs\/wp-content\/uploads\/sites\/33\/2023\/07\/cerfa_12156-06.pdf\" rel=\"noopener\">\u00a0Telecharger\u00a0 la demande de subvention<\/a><\/p>\n<p><a target=\"_blank\" href=\"https:\/\/www.service-public.pf\/djs\/wp-content\/uploads\/sites\/33\/2023\/07\/Modele-convention-clubs-scolaires-V-finale.docx\" rel=\"noopener\">T\u00e9l\u00e9charger le mod\u00e8le de convention<\/a><\/p>\n<p>Il doit \u00eatre rempli et accompagn\u00e9 des annexes demand\u00e9es avant le 15 septembre 2023 par mail \u00e0 l\u2019adresse <a target=\"_blank\" href=\"https:\/\/www.service-public.pf\/djs\/%F0%9F%93%A2%F0%9F%9A%80-appel-a-projets-2023-%F0%9F%9A%80%F0%9F%93%A2-2-heures-de-sport-en-plus-pour-les-collegiens-%F0%9F%92%AA%F0%9F%8F%BC%E2%9A%BD%F0%9F%8E%BE\/mailto:herve.richard@ac-polynesie.pf\" rel=\"noopener\">herve.richard@ac-polynesie.pf<\/a><br \/>\nSeuls les dossiers complets et retourn\u00e9s dans les d\u00e9lais seront \u00e9tudi\u00e9s.<br \/>\nApr\u00e8s instruction, les projets seront examin\u00e9s par un jury d\u2019experts. Les d\u00e9cisions seront communiqu\u00e9es sur le site de la DJS\u00a0: <a target=\"_blank\" href=\"https:\/\/www.service-public.pf\/djs\/\" rel=\"noopener\">https:\/\/www.service-public.pf\/djs\/<\/a><\/p>\n<p><strong>Calendrier de l\u2019appel \u00e0 projets <\/strong><\/p>\n<ul>\n<li><strong>3 juillet 2023\u00a0<\/strong>: lancement de l\u2019appel \u00e0 projets<\/li>\n<li><strong>15 septembre 2023\u00a0<\/strong>: date limite pour retourner les dossiers complets, accompagn\u00e9s des annexes demand\u00e9es \u00e0 la MATJS<\/li>\n<li><strong>Du 25 septembre au 15 d\u00e9cembre 2023\u00a0<\/strong>: Mise en \u0153uvre des cycles sportifs aupr\u00e8s des coll\u00e9giens des \u00e9tablissements cibl\u00e9s (6).<\/li>\n<li><strong>Janvier 2024 :<\/strong> \u00e9valuation du dispositif \u2013 bilan et lancement d\u2019un nouvel appel \u00e0 projets.<\/li>\n<\/ul>\n<p><strong>Evaluation des actions retenues <\/strong><\/p>\n<p>Sur la base de cette grille d\u2019\u00e9valuation ajustable, il est n\u00e9cessaire que la structure fasse part en fin de cycle d\u2019intervention de l\u2019ensemble des actions men\u00e9es dans le cadre de cet appel \u00e0 projets. Cette \u00e9valuation sera analys\u00e9e et conditionnera le versement de la subvention. Vous pouvez nous transmettre une autre forme de document bilan si toutefois il r\u00e9pond \u00e0 l\u2019ensemble de ces items.<\/p>\n<table width=\"607\">\n<tbody>\n<tr>\n<td width=\"607\"><strong>Objectifs\u00a0\u00a0\u00a0\u00a0\u00a0\u00a0 Actions \u00a0\u00a0\u00a0\u00a0\u00a0\u00a0\u00a0\u00a0\u00a0\u00a0 R\u00e9sultats\u00a0\u00a0\u00a0\u00a0\u00a0\u00a0\u00a0\u00a0\u00a0\u00a0\u00a0\u00a0\u00a0\u00a0\u00a0\u00a0\u00a0\u00a0\u00a0\u00a0\u00a0 Indicateurs**\u00a0\u00a0\u00a0\u00a0\u00a0\u00a0\u00a0\u00a0\u00a0\u00a0 Outils *** <\/strong><strong><br \/>\n<\/strong><strong>initiaux\u00a0\u00a0\u00a0\u00a0\u00a0\u00a0\u00a0\u00a0\u00a0\u00a0\u00a0\u00a0\u00a0\u00a0\u00a0\u00a0\u00a0\u00a0\u00a0\u00a0\u00a0\u00a0\u00a0\u00a0\u00a0\u00a0\u00a0\u00a0\u00a0\u00a0\u00a0\u00a0\u00a0 obtenus*<\/strong><\/p>\n<p>\u00a0<\/p>\n<\/td>\n<\/tr>\n<tr>\n<td width=\"607\"><strong>\u00a0<\/strong><\/td>\n<\/tr>\n<\/tbody>\n<\/table>\n<p>* Impacts sur les comportements et\/ou les pratiques<br \/>\n** \u00c9l\u00e9ments quantitatifs ou qualitatifs qui permettent d\u2019appr\u00e9cier, si les objectifs sont approch\u00e9s ou atteints<br \/>\n*** Moyens de collecte des informations utilis\u00e9s pour chaque indicateur (ex : liste de pr\u00e9sence, questionnaires, revues de presse, interviews \u2026)<\/p>\n<p><strong>\u00a0<\/strong><\/p>\n<p><strong>\u00a0<\/strong><\/p>\n<p><strong>\u00a0<\/strong><\/p>\n<p><strong>Contact\u00a0et information<\/strong><\/p>\n<p>Mission d\u2019Appui Technique Jeunesse et Sport (MATJS)<\/p>\n<p>Herv\u00e9 RICHARD<\/p>\n<p><a target=\"_blank\" href=\"https:\/\/www.service-public.pf\/djs\/%F0%9F%93%A2%F0%9F%9A%80-appel-a-projets-2023-%F0%9F%9A%80%F0%9F%93%A2-2-heures-de-sport-en-plus-pour-les-collegiens-%F0%9F%92%AA%F0%9F%8F%BC%E2%9A%BD%F0%9F%8E%BE\/mailto:Herve.richard@ac-polyn%C3%A9sie.pf\" rel=\"noopener\">Herve.richard@ac-polyn\u00e9sie.pf<\/a><\/p>\n<p>88\u00a0811\u00a0812<\/p>\n<\/div>\n<\/div>\n<\/div>\n<p><a class=\"outer-link\" href=\"https:\/\/www.service-public.pf\/djs\/%F0%9F%93%A2%F0%9F%9A%80-appel-a-projets-2023-%F0%9F%9A%80%F0%9F%93%A2-2-heures-de-sport-en-plus-pour-les-collegiens-%F0%9F%92%AA%F0%9F%8F%BC%E2%9A%BD%F0%9F%8E%BE\/\">En voir plus sur le site de la DJS <\/a><\/p>\n","protected":false},"excerpt":{"rendered":"<p>\u00a0L\u2019objectif de cet appel \u00e0 projet est de favoriser la pratique sportive et l\u2019activit\u00e9 physique chez les coll\u00e9giens volontaires, notamment ceux les plus \u00e9loign\u00e9s de la pratique d\u2019une activit\u00e9 physique et sportive, afin de contribuer \u00e0 l\u2019am\u00e9lioration du bien-\u00eatre. Le porteur de projet doit pouvoir proposer et organiser des s\u00e9ances sportives, aux coll\u00e9giens des 6 [&hellip;]<\/p>\n","protected":false},"author":1,"featured_media":5507,"parent":0,"menu_order":0,"template":"","meta":{"om_disable_all_campaigns":false,"inline_featured_image":false,"footnotes":""},"categories":[85],"class_list":["post-5506","actualites","type-actualites","status-publish","has-post-thumbnail","hentry","category-actualites-djs","has-post-title","has-post-date","has-post-category","has-post-tag","has-post-comment","has-post-author",""],"aioseo_notices":[],"ptb_metabox":[],"ptb_taxonomy":{"category":[{"term_id":85,"name":"Actualit\u00e9s &gt; DJS","slug":"actualites-djs","term_group":0,"term_taxonomy_id":85,"taxonomy":"category","description":"","parent":39,"count":19,"filter":"raw"}]},"ptb_featured_image":{"url":"https:\/\/foreveryoung.gov.pf\/wp-content\/uploads\/2023\/08\/APPEL-A-PROJETS-2023-2-heures-de-sport-en-plus.png","title":"APPEL-A-PROJETS-2023-2-heures-de-sport-en-plus.png","caption":""},"builder_content":"","_links":{"self":[{"href":"https:\/\/foreveryoung.gov.pf\/en\/wp-json\/wp\/v2\/actualites\/5506","targetHints":{"allow":["GET"]}}],"collection":[{"href":"https:\/\/foreveryoung.gov.pf\/en\/wp-json\/wp\/v2\/actualites"}],"about":[{"href":"https:\/\/foreveryoung.gov.pf\/en\/wp-json\/wp\/v2\/types\/actualites"}],"author":[{"embeddable":true,"href":"https:\/\/foreveryoung.gov.pf\/en\/wp-json\/wp\/v2\/users\/1"}],"version-history":[{"count":0,"href":"https:\/\/foreveryoung.gov.pf\/en\/wp-json\/wp\/v2\/actualites\/5506\/revisions"}],"wp:featuredmedia":[{"embeddable":true,"href":"https:\/\/foreveryoung.gov.pf\/en\/wp-json\/wp\/v2\/media\/5507"}],"wp:attachment":[{"href":"https:\/\/foreveryoung.gov.pf\/en\/wp-json\/wp\/v2\/media?parent=5506"}],"wp:term":[{"taxonomy":"category","embeddable":true,"href":"https:\/\/foreveryoung.gov.pf\/en\/wp-json\/wp\/v2\/categories?post=5506"}],"curies":[{"name":"wp","href":"https:\/\/api.w.org\/{rel}","templated":true}]}}