{"id":5472,"date":"2023-08-09T09:44:16","date_gmt":"2023-08-09T19:44:16","guid":{"rendered":"https:\/\/foreveryoung.gov.pf\/?post_type=actualites&#038;p=5472"},"modified":"2023-08-09T09:47:17","modified_gmt":"2023-08-09T19:47:17","slug":"lijspf-un-soutien-financier-et-technique-dans-lorganisation-de-votre-manifestation-sportive-ou-de-jeunesse","status":"publish","type":"actualites","link":"https:\/\/foreveryoung.gov.pf\/en\/actualite\/lijspf-un-soutien-financier-et-technique-dans-lorganisation-de-votre-manifestation-sportive-ou-de-jeunesse\/","title":{"rendered":"L&#8217;IJSPF, un soutien financier et technique dans l&#8217;organisation de votre manifestation sportive ou de jeunesse"},"content":{"rendered":"<!--themify_builder_content-->\n<div id=\"themify_builder_content-5472\" data-postid=\"5472\" class=\"themify_builder_content themify_builder_content-5472 themify_builder tf_clear\">\n                    <div  data-lazy=\"1\" class=\"module_row themify_builder_row tb_hvhw262 tb_first tf_w\">\n                        <div class=\"row_inner col_align_top tb_col_count_1 tf_box tf_rel\">\n                        <div  data-lazy=\"1\" class=\"module_column tb-column col-full tb_y8i5262 first\">\n                    <!-- module text -->\n<div  class=\"module module-text tb_vho5820   \" data-lazy=\"1\">\n        <div  class=\"tb_text_wrap\">\n        <p><span data-sheets-value=\"{&quot;1&quot;:2,&quot;2&quot;:&quot;Tu as besoin d'une aide financi\u00e8re dans l'organisation de ton \u00e9v\u00e8nement sportif ou de jeunesse ? A compter du 1er septembre, retrouves le formulaire de demande sur le Facebook et le site de l'IJSPF et inscris ton \u00e9v\u00e8nement sur le calendrier 2024 des grandes manifestations du Pays.&quot;}\" data-sheets-userformat=\"{&quot;2&quot;:5033,&quot;3&quot;:{&quot;1&quot;:0},&quot;6&quot;:{&quot;1&quot;:[{&quot;1&quot;:2,&quot;2&quot;:0,&quot;5&quot;:{&quot;1&quot;:2,&quot;2&quot;:0}},{&quot;1&quot;:0,&quot;2&quot;:0,&quot;3&quot;:3},{&quot;1&quot;:1,&quot;2&quot;:0,&quot;4&quot;:1}]},&quot;8&quot;:{&quot;1&quot;:[{&quot;1&quot;:2,&quot;2&quot;:0,&quot;5&quot;:{&quot;1&quot;:2,&quot;2&quot;:0}},{&quot;1&quot;:0,&quot;2&quot;:0,&quot;3&quot;:3},{&quot;1&quot;:1,&quot;2&quot;:0,&quot;4&quot;:1}]},&quot;10&quot;:2,&quot;11&quot;:4,&quot;12&quot;:0,&quot;15&quot;:&quot;Arial&quot;}\">Tu as besoin d&#8217;une aide financi\u00e8re dans l&#8217;organisation de ton \u00e9v\u00e8nement sportif ou de jeunesse ? A compter du 1er septembre, retrouves le formulaire de demande sur le Facebook et le site de l&#8217;IJSPF et inscris ton \u00e9v\u00e8nement sur le calendrier 2024 des grandes manifestations du Pays.<\/span><\/p>\n<p><a class=\"outer-link\" href=\"https:\/\/ijspf.pf\/\">https:\/\/ijspf.pf\/<\/a><\/p>\n<p><a class=\"outer-link\" href=\"https:\/\/www.facebook.com\/IJSPF.PF\">https:\/\/www.facebook.com\/IJSPF.PF<\/a><\/p>\n    <\/div>\n<\/div>\n<!-- \/module text -->        <\/div>\n                        <\/div>\n        <\/div>\n        <\/div>\n<!--\/themify_builder_content-->","protected":false},"excerpt":{"rendered":"<p>Tu as besoin d&#8217;une aide financi\u00e8re dans l&#8217;organisation de ton \u00e9v\u00e8nement sportif ou de jeunesse ? A compter du 1er septembre, retrouves le formulaire de demande sur le Facebook et le site de l&#8217;IJSPF et inscris ton \u00e9v\u00e8nement sur le calendrier 2024 des grandes manifestations du Pays. https:\/\/ijspf.pf\/ https:\/\/www.facebook.com\/IJSPF.PF<\/p>\n","protected":false},"author":1,"featured_media":5473,"parent":0,"menu_order":0,"template":"","meta":{"om_disable_all_campaigns":false,"inline_featured_image":false,"footnotes":""},"categories":[86],"class_list":["post-5472","actualites","type-actualites","status-publish","has-post-thumbnail","hentry","category-actualites-ijspf","has-post-title","has-post-date","has-post-category","has-post-tag","has-post-comment","has-post-author",""],"aioseo_notices":[],"ptb_metabox":[],"ptb_taxonomy":{"category":[{"term_id":86,"name":"Actualit\u00e9s &gt; IJSPF","slug":"actualites-ijspf","term_group":0,"term_taxonomy_id":86,"taxonomy":"category","description":"","parent":39,"count":2,"filter":"raw"}]},"ptb_featured_image":{"url":"https:\/\/foreveryoung.gov.pf\/wp-content\/uploads\/2023\/08\/Tauturu-colour.png","title":"Tauturu-colour","caption":""},"builder_content":"<p>Tu as besoin d'une aide financi\u00e8re dans l'organisation de ton \u00e9v\u00e8nement sportif ou de jeunesse ? A compter du 1er septembre, retrouves le formulaire de demande sur le Facebook et le site de l'IJSPF et inscris ton \u00e9v\u00e8nement sur le calendrier 2024 des grandes manifestations du Pays.<\/p> <p><a href=\"https:\/\/ijspf.pf\/\">https:\/\/ijspf.pf\/<\/a><\/p> <p><a href=\"https:\/\/www.facebook.com\/IJSPF.PF\">https:\/\/www.facebook.com\/IJSPF.PF<\/a><\/p>","_links":{"self":[{"href":"https:\/\/foreveryoung.gov.pf\/en\/wp-json\/wp\/v2\/actualites\/5472","targetHints":{"allow":["GET"]}}],"collection":[{"href":"https:\/\/foreveryoung.gov.pf\/en\/wp-json\/wp\/v2\/actualites"}],"about":[{"href":"https:\/\/foreveryoung.gov.pf\/en\/wp-json\/wp\/v2\/types\/actualites"}],"author":[{"embeddable":true,"href":"https:\/\/foreveryoung.gov.pf\/en\/wp-json\/wp\/v2\/users\/1"}],"version-history":[{"count":0,"href":"https:\/\/foreveryoung.gov.pf\/en\/wp-json\/wp\/v2\/actualites\/5472\/revisions"}],"wp:featuredmedia":[{"embeddable":true,"href":"https:\/\/foreveryoung.gov.pf\/en\/wp-json\/wp\/v2\/media\/5473"}],"wp:attachment":[{"href":"https:\/\/foreveryoung.gov.pf\/en\/wp-json\/wp\/v2\/media?parent=5472"}],"wp:term":[{"taxonomy":"category","embeddable":true,"href":"https:\/\/foreveryoung.gov.pf\/en\/wp-json\/wp\/v2\/categories?post=5472"}],"curies":[{"name":"wp","href":"https:\/\/api.w.org\/{rel}","templated":true}]}}