{"id":5214,"date":"2023-06-08T15:21:25","date_gmt":"2023-06-09T01:21:25","guid":{"rendered":"https:\/\/foreveryoung.gov.pf\/?post_type=actualites&#038;p=5214"},"modified":"2023-06-14T15:23:03","modified_gmt":"2023-06-15T01:23:03","slug":"forum-de-reflexion-sur-les-parcours-educatifs-des-ecoles-des-communes-de-pirae-et-papeete","status":"publish","type":"actualites","link":"https:\/\/foreveryoung.gov.pf\/en\/actualite\/forum-de-reflexion-sur-les-parcours-educatifs-des-ecoles-des-communes-de-pirae-et-papeete\/","title":{"rendered":"Forum de r\u00e9flexion sur les parcours \u00e9ducatifs des \u00e9coles des communes de Pirae et Papeete"},"content":{"rendered":"<!--themify_builder_content-->\n<div id=\"themify_builder_content-5214\" data-postid=\"5214\" class=\"themify_builder_content themify_builder_content-5214 themify_builder tf_clear\">\n                    <div  data-lazy=\"1\" class=\"module_row themify_builder_row tb_fem5541 tb_first tf_w\">\n                        <div class=\"row_inner col_align_top tb_col_count_1 tf_box tf_rel\">\n                        <div  data-lazy=\"1\" class=\"module_column tb-column col-full tb_39uv541 first\">\n                    <!-- module text -->\n<div  class=\"module module-text tb_cnjx188   \" data-lazy=\"1\">\n        <div  class=\"tb_text_wrap\">\n        <p><span class=\"s4\">A <\/span><span class=\"s4\">l\u2019invitation<\/span><span class=\"s4\"> de l\u2019Inspectrice de l\u2019\u00e9ducation nationale de la<\/span><span class=\"s4\"> circonscription \u00e9ducative de Papeete \u2013 Pirae, Ma<\/span><span class=\"s4\">rie G<\/span><span class=\"s4\">oetz<\/span><span class=\"s4\">-G<\/span><span class=\"s4\">eorges<\/span><span class=\"s4\">, <\/span><span class=\"s4\">la DPDJ s\u2019est rendue ce<\/span><span class=\"s4\"> jeudi <\/span><span class=\"s4\">8 juin, \u00e0<\/span><span class=\"s4\"> un forum de r\u00e9flexion sur les parcours \u00e9ducatifs des \u00e9coles des communes de Pirae et Papeete<\/span><span class=\"s4\">, \u00e0 la Mairie de Pirae<\/span><span class=\"s4\">.<\/span><\/p><p><span class=\"s4\">Ont r\u00e9pondu<\/span><span class=\"s4\"> pr\u00e9sen<\/span><span class=\"s4\">t<\/span> <span class=\"s4\">quelques <\/span><span class=\"s4\">partenaires <\/span><span class=\"s4\">de la communaut\u00e9 \u00e9ducative, parmi lesquels<\/span><span class=\"s4\">les \u00e9lus<\/span><span class=\"s4\"> de la commune de Pirae<\/span><span class=\"s4\">, les <\/span><span class=\"s4\">personnels de directions des <\/span><span class=\"s4\">coll\u00e8ges<\/span><span class=\"s4\"> et des <\/span><span class=\"s4\">\u00e9cole<\/span><span class=\"s4\">s de Papeete et de Pirae<\/span><span class=\"s4\">, les enseignants sp\u00e9cialis\u00e9s DASED, le Centre de lecture et la DGEE<\/span><span class=\"s4\">.<\/span><\/p><p><span class=\"s4\">Apr\u00e8s une br\u00e8ve pr\u00e9sentation <\/span><span class=\"s4\">par l\u2019inspectrice, <\/span><span class=\"s4\">des objectifs fix\u00e9s<\/span><span class=\"s4\">, la parole a \u00e9t\u00e9 donn\u00e9e \u00e0 <\/span><span class=\"s4\">Teiva<\/span> <span class=\"s4\">Manutahi<\/span><span class=\"s4\">, pour une pr\u00e9sentation des missions de la DPDJ. En effet, le service peut \u00eatre saisi par chacun des partenaires pr\u00e9sents, dans le cadre du signalement d\u2019une situation pr\u00e9occupante. <\/span><\/p><p><span class=\"s4\">A cet \u00e9gard, le chef de service a rappel\u00e9 qu\u2019une convention fut sign\u00e9e par la DGEE et la DPDJ en septembre 2022, relative au Plan de pr\u00e9vention de la d\u00e9linquance de la Polyn\u00e9sie <\/span><span class=\"s4\">fran\u00e7aise.<\/span><\/p><p><span class=\"s4\">Suite \u00e0 quoi<\/span><span class=\"s4\"> plusieurs ateliers-d\u00e9bats <\/span><span class=\"s4\">ont \u00e9t\u00e9<\/span><span class=\"s4\"> conduits<\/span><span class=\"s4\">,<\/span><span class=\"s4\"> pour r\u00e9fl\u00e9chir aux actions \u00e9ducatives \u00e0 proposer sur <\/span><span class=\"s4\">le <\/span><span class=\"s4\">temps scolaire, de la maternelle \u00e0 la 6<\/span><span class=\"s5\">e<\/span><span class=\"s4\">, au b\u00e9n\u00e9fice des \u00e9l\u00e8ves.<\/span><\/p><p><span class=\"s4\">A l\u2019occasion des \u00e9changes au niveau de <\/span><span class=\"s4\">l\u2019atelier \u00ab\u00a0Parcours citoyen\u00a0\u00bb<\/span><span class=\"s4\">, la DPDJ a insist\u00e9 sur la n\u00e9cessit\u00e9 d\u2019\u00eatre saisie, dans le cadre de situations de harc\u00e8lements, de violence, voire de faits pr\u00e9occupants constat\u00e9s dans une \u00e9cole ou un \u00e9tablissement scolaire.<\/span><\/p><p><span class=\"s4\">L<\/span><span class=\"s4\">\u2019inspectrice de l\u2019\u00e9ducation nationale de la circonscription de Papeete \u2013 Pirae<\/span><span class=\"s4\"> a pour sa part indiqu\u00e9 la cr\u00e9ation prochainement d\u2019un \u00ab\u00a0Pole Ressource-Ecoute-Suivi-Conseil (PRESC)\u00a0\u00bb, qui \u00e0 l\u2019image du CESC pour le second degr\u00e9, sera une instance de concertation des partenaires, dans le cadre du suivi de situations m\u00e9ritant une attention particuli\u00e8re de la part des autorit\u00e9s<\/span><span class=\"s4\">.<\/span><\/p><p><span class=\"s4\">La DPDJ remercie <\/span><span class=\"s4\">Mme Goetz-Georges <\/span><span class=\"s4\">pour <\/span><span class=\"s4\">son <\/span><span class=\"s4\">invitation<\/span><span class=\"s4\"> \u00e0 ce forum et la f\u00e9licite pour la d\u00e9marche partenariale engag\u00e9e avec la DPDJ.<\/span><\/p>    <\/div>\n<\/div>\n<!-- \/module text -->        <\/div>\n                        <\/div>\n        <\/div>\n                        <div  data-lazy=\"1\" class=\"module_row themify_builder_row tb_8ptj513 tf_w\">\n                        <div class=\"row_inner col_align_top tb_col_count_1 tf_box tf_rel\">\n                        <div  data-lazy=\"1\" class=\"module_column tb-column col-full tb_ywl3515 first\">\n                    <!-- module gallery -->\n<div  class=\"module gallery module-gallery tb_h5lm648 layout-grid  \" data-lazy=\"1\">\n    <div class=\"module-gallery-grid\" style=\"--gald:4;--galt:4;--galm:4\">\n            <dl class=\"gallery-item\">\n            <dt class=\"gallery-icon\">\n            <a data-title=\"\" title=\"\" href=\"https:\/\/foreveryoung.gov.pf\/wp-content\/uploads\/2023\/06\/DSC_7373.jpg\" data-rel=\"tb_h5lm648\" class=\"themify_lightbox\"><img loading=\"lazy\" decoding=\"async\" src=\"https:\/\/foreveryoung.gov.pf\/wp-content\/uploads\/2023\/06\/DSC_7373-300x200.jpg\" width=\"300\" height=\"200\" class=\"wp-post-image wp-image-5216\" title=\"DSC_7373\" alt=\"DSC_7373\" srcset=\"https:\/\/foreveryoung.gov.pf\/wp-content\/uploads\/2023\/06\/DSC_7373-300x200.jpg 300w, https:\/\/foreveryoung.gov.pf\/wp-content\/uploads\/2023\/06\/DSC_7373-768x512.jpg 768w, https:\/\/foreveryoung.gov.pf\/wp-content\/uploads\/2023\/06\/DSC_7373.jpg 1000w\" sizes=\"auto, (max-width: 300px) 100vw, 300px\" \/><\/a>            <\/dt>\n                    <\/dl>\n            <dl class=\"gallery-item\">\n            <dt class=\"gallery-icon\">\n            <a data-title=\"\" title=\"\" href=\"https:\/\/foreveryoung.gov.pf\/wp-content\/uploads\/2023\/06\/354028121_634633295365502_3497023846060082951_n.jpg\" data-rel=\"tb_h5lm648\" class=\"themify_lightbox\"><img loading=\"lazy\" decoding=\"async\" src=\"https:\/\/foreveryoung.gov.pf\/wp-content\/uploads\/2023\/06\/354028121_634633295365502_3497023846060082951_n-300x200.jpg\" width=\"300\" height=\"200\" class=\"wp-post-image wp-image-5218\" title=\"354028121_634633295365502_3497023846060082951_n\" alt=\"354028121_634633295365502_3497023846060082951_n\" srcset=\"https:\/\/foreveryoung.gov.pf\/wp-content\/uploads\/2023\/06\/354028121_634633295365502_3497023846060082951_n-300x200.jpg 300w, https:\/\/foreveryoung.gov.pf\/wp-content\/uploads\/2023\/06\/354028121_634633295365502_3497023846060082951_n-768x512.jpg 768w, https:\/\/foreveryoung.gov.pf\/wp-content\/uploads\/2023\/06\/354028121_634633295365502_3497023846060082951_n.jpg 1000w\" sizes=\"auto, (max-width: 300px) 100vw, 300px\" \/><\/a>            <\/dt>\n                    <\/dl>\n            <dl class=\"gallery-item\">\n            <dt class=\"gallery-icon\">\n            <a data-title=\"\" title=\"\" href=\"https:\/\/foreveryoung.gov.pf\/wp-content\/uploads\/2023\/06\/DSC_7383.jpg\" data-rel=\"tb_h5lm648\" class=\"themify_lightbox\"><img loading=\"lazy\" decoding=\"async\" src=\"https:\/\/foreveryoung.gov.pf\/wp-content\/uploads\/2023\/06\/DSC_7383-300x200.jpg\" width=\"300\" height=\"200\" class=\"wp-post-image wp-image-5220\" title=\"DSC_7383\" alt=\"DSC_7383\"><\/a>            <\/dt>\n                    <\/dl>\n            <dl class=\"gallery-item\">\n            <dt class=\"gallery-icon\">\n            <a data-title=\"\" title=\"\" href=\"https:\/\/foreveryoung.gov.pf\/wp-content\/uploads\/2023\/06\/DSC_7365.jpg\" data-rel=\"tb_h5lm648\" class=\"themify_lightbox\"><img loading=\"lazy\" decoding=\"async\" src=\"https:\/\/foreveryoung.gov.pf\/wp-content\/uploads\/2023\/06\/DSC_7365-300x200.jpg\" width=\"300\" height=\"200\" class=\"wp-post-image wp-image-5222\" title=\"DSC_7365\" alt=\"DSC_7365\" srcset=\"https:\/\/foreveryoung.gov.pf\/wp-content\/uploads\/2023\/06\/DSC_7365-300x200.jpg 300w, https:\/\/foreveryoung.gov.pf\/wp-content\/uploads\/2023\/06\/DSC_7365-768x512.jpg 768w, https:\/\/foreveryoung.gov.pf\/wp-content\/uploads\/2023\/06\/DSC_7365.jpg 1000w\" sizes=\"auto, (max-width: 300px) 100vw, 300px\" \/><\/a>            <\/dt>\n                    <\/dl>\n            <dl class=\"gallery-item\">\n            <dt class=\"gallery-icon\">\n            <a data-title=\"\" title=\"\" href=\"https:\/\/foreveryoung.gov.pf\/wp-content\/uploads\/2023\/06\/IMG_20230608_151317.jpg\" data-rel=\"tb_h5lm648\" class=\"themify_lightbox\"><img loading=\"lazy\" decoding=\"async\" src=\"https:\/\/foreveryoung.gov.pf\/wp-content\/uploads\/2023\/06\/IMG_20230608_151317-300x200.jpg\" width=\"300\" height=\"200\" class=\"wp-post-image wp-image-5224\" title=\"IMG_20230608_151317\" alt=\"IMG_20230608_151317\"><\/a>            <\/dt>\n                    <\/dl>\n            <dl class=\"gallery-item\">\n            <dt class=\"gallery-icon\">\n            <a data-title=\"\" title=\"\" href=\"https:\/\/foreveryoung.gov.pf\/wp-content\/uploads\/2023\/06\/IMG_20230608_133245.jpg\" data-rel=\"tb_h5lm648\" class=\"themify_lightbox\"><img loading=\"lazy\" decoding=\"async\" src=\"https:\/\/foreveryoung.gov.pf\/wp-content\/uploads\/2023\/06\/IMG_20230608_133245-300x200.jpg\" width=\"300\" height=\"200\" class=\"wp-post-image wp-image-5226\" title=\"IMG_20230608_133245\" alt=\"IMG_20230608_133245\"><\/a>            <\/dt>\n                    <\/dl>\n            <dl class=\"gallery-item\">\n            <dt class=\"gallery-icon\">\n            <a data-title=\"\" title=\"\" href=\"https:\/\/foreveryoung.gov.pf\/wp-content\/uploads\/2023\/06\/DSC_7367.jpg\" data-rel=\"tb_h5lm648\" class=\"themify_lightbox\"><img loading=\"lazy\" decoding=\"async\" src=\"https:\/\/foreveryoung.gov.pf\/wp-content\/uploads\/2023\/06\/DSC_7367-300x200.jpg\" width=\"300\" height=\"200\" class=\"wp-post-image wp-image-5228\" title=\"DSC_7367\" alt=\"DSC_7367\"><\/a>            <\/dt>\n                    <\/dl>\n    <\/div>\n<\/div>\n<!-- \/module gallery -->        <\/div>\n                        <\/div>\n        <\/div>\n        <\/div>\n<!--\/themify_builder_content-->","protected":false},"excerpt":{"rendered":"<p>A l\u2019invitation de l\u2019Inspectrice de l\u2019\u00e9ducation nationale de la circonscription \u00e9ducative de Papeete \u2013 Pirae, Marie Goetz-Georges, la DPDJ s\u2019est rendue ce jeudi 8 juin, \u00e0 un forum de r\u00e9flexion sur les parcours \u00e9ducatifs des \u00e9coles des communes de Pirae et Papeete, \u00e0 la Mairie de Pirae.Ont r\u00e9pondu pr\u00e9sent quelques partenaires de la communaut\u00e9 \u00e9ducative, [&hellip;]<\/p>\n","protected":false},"author":1,"featured_media":5221,"parent":0,"menu_order":0,"template":"","meta":{"om_disable_all_campaigns":false,"inline_featured_image":false,"footnotes":""},"categories":[],"class_list":["post-5214","actualites","type-actualites","status-publish","has-post-thumbnail","hentry","has-post-title","has-post-date","has-post-category","has-post-tag","has-post-comment","has-post-author",""],"aioseo_notices":[],"ptb_metabox":[],"ptb_taxonomy":[],"ptb_featured_image":{"url":"https:\/\/foreveryoung.gov.pf\/wp-content\/uploads\/2023\/06\/DSC_7365.jpg","title":"Forum de r\u00e9flexion sur les parcours \u00e9ducatifs des \u00e9coles des communes de Pirae et Papeete","caption":""},"builder_content":"<p>A l\u2019invitation de l\u2019Inspectrice de l\u2019\u00e9ducation nationale de la circonscription \u00e9ducative de Papeete \u2013 Pirae, Marie Goetz-Georges, la DPDJ s\u2019est rendue ce jeudi 8 juin, \u00e0 un forum de r\u00e9flexion sur les parcours \u00e9ducatifs des \u00e9coles des communes de Pirae et Papeete, \u00e0 la Mairie de Pirae.<\/p><p>Ont r\u00e9pondu pr\u00e9sent quelques partenaires de la communaut\u00e9 \u00e9ducative, parmi lesquelsles \u00e9lus de la commune de Pirae, les personnels de directions des coll\u00e8ges et des \u00e9coles de Papeete et de Pirae, les enseignants sp\u00e9cialis\u00e9s DASED, le Centre de lecture et la DGEE.<\/p><p>Apr\u00e8s une br\u00e8ve pr\u00e9sentation par l\u2019inspectrice, des objectifs fix\u00e9s, la parole a \u00e9t\u00e9 donn\u00e9e \u00e0 Teiva Manutahi, pour une pr\u00e9sentation des missions de la DPDJ. En effet, le service peut \u00eatre saisi par chacun des partenaires pr\u00e9sents, dans le cadre du signalement d\u2019une situation pr\u00e9occupante. <\/p><p>A cet \u00e9gard, le chef de service a rappel\u00e9 qu\u2019une convention fut sign\u00e9e par la DGEE et la DPDJ en septembre 2022, relative au Plan de pr\u00e9vention de la d\u00e9linquance de la Polyn\u00e9sie fran\u00e7aise.<\/p><p>Suite \u00e0 quoi plusieurs ateliers-d\u00e9bats ont \u00e9t\u00e9 conduits, pour r\u00e9fl\u00e9chir aux actions \u00e9ducatives \u00e0 proposer sur le temps scolaire, de la maternelle \u00e0 la 6e, au b\u00e9n\u00e9fice des \u00e9l\u00e8ves.<\/p><p>A l\u2019occasion des \u00e9changes au niveau de l\u2019atelier \u00ab\u00a0Parcours citoyen\u00a0\u00bb, la DPDJ a insist\u00e9 sur la n\u00e9cessit\u00e9 d\u2019\u00eatre saisie, dans le cadre de situations de harc\u00e8lements, de violence, voire de faits pr\u00e9occupants constat\u00e9s dans une \u00e9cole ou un \u00e9tablissement scolaire.<\/p><p>L\u2019inspectrice de l\u2019\u00e9ducation nationale de la circonscription de Papeete \u2013 Pirae a pour sa part indiqu\u00e9 la cr\u00e9ation prochainement d\u2019un \u00ab\u00a0Pole Ressource-Ecoute-Suivi-Conseil (PRESC)\u00a0\u00bb, qui \u00e0 l\u2019image du CESC pour le second degr\u00e9, sera une instance de concertation des partenaires, dans le cadre du suivi de situations m\u00e9ritant une attention particuli\u00e8re de la part des autorit\u00e9s.<\/p><p>La DPDJ remercie Mme Goetz-Georges pour son invitation \u00e0 ce forum et la f\u00e9licite pour la d\u00e9marche partenariale engag\u00e9e avec la DPDJ.<\/p>\n[gallery ids=\"5215,5217,5219,5221,5223,5225,5227\"]","_links":{"self":[{"href":"https:\/\/foreveryoung.gov.pf\/en\/wp-json\/wp\/v2\/actualites\/5214","targetHints":{"allow":["GET"]}}],"collection":[{"href":"https:\/\/foreveryoung.gov.pf\/en\/wp-json\/wp\/v2\/actualites"}],"about":[{"href":"https:\/\/foreveryoung.gov.pf\/en\/wp-json\/wp\/v2\/types\/actualites"}],"author":[{"embeddable":true,"href":"https:\/\/foreveryoung.gov.pf\/en\/wp-json\/wp\/v2\/users\/1"}],"version-history":[{"count":0,"href":"https:\/\/foreveryoung.gov.pf\/en\/wp-json\/wp\/v2\/actualites\/5214\/revisions"}],"wp:featuredmedia":[{"embeddable":true,"href":"https:\/\/foreveryoung.gov.pf\/en\/wp-json\/wp\/v2\/media\/5221"}],"wp:attachment":[{"href":"https:\/\/foreveryoung.gov.pf\/en\/wp-json\/wp\/v2\/media?parent=5214"}],"wp:term":[{"taxonomy":"category","embeddable":true,"href":"https:\/\/foreveryoung.gov.pf\/en\/wp-json\/wp\/v2\/categories?post=5214"}],"curies":[{"name":"wp","href":"https:\/\/api.w.org\/{rel}","templated":true}]}}