{"id":5062,"date":"2023-06-02T11:37:49","date_gmt":"2023-06-02T21:37:49","guid":{"rendered":"https:\/\/foreveryoung.gov.pf\/?post_type=actualites&#038;p=5062"},"modified":"2023-06-14T12:01:28","modified_gmt":"2023-06-14T22:01:28","slug":"visite-de-la-ministre-nahema-temarii-dans-les-locaux-de-la-dpdj-et-a-la-residence-des-jeunes-travailleurs-rjt","status":"publish","type":"actualites","link":"https:\/\/foreveryoung.gov.pf\/en\/actualite\/visite-de-la-ministre-nahema-temarii-dans-les-locaux-de-la-dpdj-et-a-la-residence-des-jeunes-travailleurs-rjt\/","title":{"rendered":"Visite de la Ministre Nahema Temarii dans les locaux de la DPDJ et \u00e0 la R\u00e9sidence des Jeunes Travailleurs (RJT)."},"content":{"rendered":"<!--themify_builder_content-->\n<div id=\"themify_builder_content-5062\" data-postid=\"5062\" class=\"themify_builder_content themify_builder_content-5062 themify_builder tf_clear\">\n                    <div  data-lazy=\"1\" class=\"module_row themify_builder_row tb_7w5n856 tb_first tf_w\">\n                        <div class=\"row_inner col_align_top tb_col_count_1 tf_box tf_rel\">\n                        <div  data-lazy=\"1\" class=\"module_column tb-column col-full tb_eety857 first\">\n                    <!-- module text -->\n<div  class=\"module module-text tb_66yz473   \" data-lazy=\"1\">\n        <div  class=\"tb_text_wrap\">\n        <p>C\u2019est avec un chant d\u2019accueil que l\u2019ensemble des agents de la DPDJ ont accueilli, ce vendredi 02 juin 2023, la nouvelle ministre en charge des sports, de la jeunesse et de la pr\u00e9vention contre la d\u00e9linquance, Nahema TEMARII.<\/p><p>A cette occasion, une pr\u00e9sentation du fonctionnement et des missions du service lui a \u00e9t\u00e9 faite, qui s\u2019est poursuivie par des \u00e9changes avec chacun des agents dans leur bureau.<\/p><p>La visite des locaux de la DPDJ s\u2019est termin\u00e9e autour d\u2019un verre de l\u2019amiti\u00e9, qui \u00e9tait assorti de fruits locaux, offerts et pr\u00e9par\u00e9s par l\u2019ensemble du personnel et de la direction.<\/p><p>Nahema Temarii s\u2019est exprim\u00e9e, \u00e0 son tour, sur les trois mesures qu\u2019elle devra mettre en \u0153uvre dans les 100 jours de cette nouvelle mandature et qui se d\u00e9clineront sur 3 axes majeurs\u00a0:<\/p><ul><li>Le \u00ab Taho\u2019e \u00bb (f\u00e9d\u00e9rer) ;<\/li><li>Le \u00ab Give me a chance \u00bb (rencontrer) ;<\/li><li>Le \u00ab Win-Win \u00bb (partager).<\/li><\/ul><p>La DPDJ devra soumettre ses propositions d\u2019actions, dans les meilleurs d\u00e9lais.<\/p><p>La deuxi\u00e8me partie de la visite s\u2019est faite au niveau de la R\u00e9sidence des Jeunes Travailleurs (RJT), dont la gestion locative et administrative a \u00e9t\u00e9 transf\u00e9r\u00e9e \u00e0 la DPDJ depuis janvier 2022.<br \/>Ce fut alors l\u2019occasion, pour la nouvelle ministre, de remettre les cl\u00e9s d\u2019un appartement \u00e0 un nouveau r\u00e9sident, qui faisait son entr\u00e9e des lieux. De m\u00eame, elle a pu \u00e9changer avec une nouvelle locataire, entr\u00e9e quelques jours avant dans un autre appartement, tr\u00e8s satisfaite des conditions d\u2019h\u00e9bergement de la RJT.<\/p><p>La visite minist\u00e9rielle s\u2019est conclue dans le jardin partag\u00e9 de la r\u00e9sidence, initi\u00e9 par la DPDJ, afin de renforcer la coh\u00e9sion sociale de ses locataires.<\/p>    <\/div>\n<\/div>\n<!-- \/module text -->        <\/div>\n                        <\/div>\n        <\/div>\n                        <div  data-lazy=\"1\" class=\"module_row themify_builder_row tb_l8uo132 tf_w\">\n                        <div class=\"row_inner col_align_top tb_col_count_1 tf_box tf_rel\">\n                        <div  data-lazy=\"1\" class=\"module_column tb-column col-full tb_1n8k132 first\">\n                    <!-- module gallery -->\n<div  class=\"module gallery module-gallery tb_7vbc725 layout-grid  \" data-lazy=\"1\">\n    <div class=\"module-gallery-grid\" style=\"--gald:4;--galt:4;--galm:4\">\n            <dl class=\"gallery-item\">\n            <dt class=\"gallery-icon\">\n            <a data-title=\"\" title=\"\" href=\"https:\/\/foreveryoung.gov.pf\/wp-content\/uploads\/2023\/06\/IMG_20230609_084042-scaled.jpg\" data-rel=\"tb_7vbc725\" class=\"themify_lightbox\"><img loading=\"lazy\" decoding=\"async\" src=\"https:\/\/foreveryoung.gov.pf\/wp-content\/uploads\/2023\/06\/IMG_20230609_084042-1024x576-300x200.jpg\" width=\"300\" height=\"200\" class=\"wp-post-image wp-image-5074\" title=\"IMG_20230609_084042\" alt=\"IMG_20230609_084042\"><\/a>            <\/dt>\n                    <\/dl>\n            <dl class=\"gallery-item\">\n            <dt class=\"gallery-icon\">\n            <a data-title=\"\" title=\"\" href=\"https:\/\/foreveryoung.gov.pf\/wp-content\/uploads\/2023\/06\/IMG_20230609_083908-scaled.jpg\" data-rel=\"tb_7vbc725\" class=\"themify_lightbox\"><img loading=\"lazy\" decoding=\"async\" src=\"https:\/\/foreveryoung.gov.pf\/wp-content\/uploads\/2023\/06\/IMG_20230609_083908-768x1024-300x200.jpg\" width=\"300\" height=\"200\" class=\"wp-post-image wp-image-5072\" title=\"IMG_20230609_083908\" alt=\"IMG_20230609_083908\"><\/a>            <\/dt>\n                    <\/dl>\n            <dl class=\"gallery-item\">\n            <dt class=\"gallery-icon\">\n            <a data-title=\"\" title=\"\" href=\"https:\/\/foreveryoung.gov.pf\/wp-content\/uploads\/2023\/06\/IMG_20230609_083719-scaled.jpg\" data-rel=\"tb_7vbc725\" class=\"themify_lightbox\"><img loading=\"lazy\" decoding=\"async\" src=\"https:\/\/foreveryoung.gov.pf\/wp-content\/uploads\/2023\/06\/IMG_20230609_083719-1024x768-300x200.jpg\" width=\"300\" height=\"200\" class=\"wp-post-image wp-image-5070\" title=\"IMG_20230609_083719\" alt=\"IMG_20230609_083719\"><\/a>            <\/dt>\n                    <\/dl>\n            <dl class=\"gallery-item\">\n            <dt class=\"gallery-icon\">\n            <a data-title=\"\" title=\"\" href=\"https:\/\/foreveryoung.gov.pf\/wp-content\/uploads\/2023\/06\/IMG_20230609_083420-scaled.jpg\" data-rel=\"tb_7vbc725\" class=\"themify_lightbox\"><img loading=\"lazy\" decoding=\"async\" src=\"https:\/\/foreveryoung.gov.pf\/wp-content\/uploads\/2023\/06\/IMG_20230609_083420-1024x576-300x200.jpg\" width=\"300\" height=\"200\" class=\"wp-post-image wp-image-5068\" title=\"IMG_20230609_083420\" alt=\"IMG_20230609_083420\"><\/a>            <\/dt>\n                    <\/dl>\n            <dl class=\"gallery-item\">\n            <dt class=\"gallery-icon\">\n            <a data-title=\"\" title=\"\" href=\"https:\/\/foreveryoung.gov.pf\/wp-content\/uploads\/2023\/06\/IMG_20230609_083323-scaled.jpg\" data-rel=\"tb_7vbc725\" class=\"themify_lightbox\"><img loading=\"lazy\" decoding=\"async\" src=\"https:\/\/foreveryoung.gov.pf\/wp-content\/uploads\/2023\/06\/IMG_20230609_083323-1024x576-300x200.jpg\" width=\"300\" height=\"200\" class=\"wp-post-image wp-image-5066\" title=\"IMG_20230609_083323\" alt=\"IMG_20230609_083323\"><\/a>            <\/dt>\n                    <\/dl>\n            <dl class=\"gallery-item\">\n            <dt class=\"gallery-icon\">\n            <a data-title=\"\" title=\"\" href=\"https:\/\/foreveryoung.gov.pf\/wp-content\/uploads\/2023\/06\/IMG_20230609_083238-scaled.jpg\" data-rel=\"tb_7vbc725\" class=\"themify_lightbox\"><img loading=\"lazy\" decoding=\"async\" src=\"https:\/\/foreveryoung.gov.pf\/wp-content\/uploads\/2023\/06\/IMG_20230609_083238-766x1024-300x200.jpg\" width=\"300\" height=\"200\" class=\"wp-post-image wp-image-5064\" title=\"IMG_20230609_083238\" alt=\"IMG_20230609_083238\"><\/a>            <\/dt>\n                    <\/dl>\n            <dl class=\"gallery-item\">\n            <dt class=\"gallery-icon\">\n            <a data-title=\"\" title=\"\" href=\"https:\/\/foreveryoung.gov.pf\/wp-content\/uploads\/2023\/06\/IMG_20230609_084109.jpg\" data-rel=\"tb_7vbc725\" class=\"themify_lightbox\"><img loading=\"lazy\" decoding=\"async\" src=\"https:\/\/foreveryoung.gov.pf\/wp-content\/uploads\/2023\/06\/IMG_20230609_084109-766x1024-300x200.jpg\" width=\"300\" height=\"200\" class=\"wp-post-image wp-image-5079\" title=\"IMG_20230609_084109\" alt=\"IMG_20230609_084109\"><\/a>            <\/dt>\n                    <\/dl>\n            <dl class=\"gallery-item\">\n            <dt class=\"gallery-icon\">\n            <a data-title=\"\" title=\"\" href=\"https:\/\/foreveryoung.gov.pf\/wp-content\/uploads\/2023\/06\/IMG_20230609_083238-1.jpg\" data-rel=\"tb_7vbc725\" class=\"themify_lightbox\"><img loading=\"lazy\" decoding=\"async\" src=\"https:\/\/foreveryoung.gov.pf\/wp-content\/uploads\/2023\/06\/IMG_20230609_083238-1-766x1024-300x200.jpg\" width=\"300\" height=\"200\" class=\"wp-post-image wp-image-5081\" title=\"IMG_20230609_083238\" alt=\"IMG_20230609_083238\"><\/a>            <\/dt>\n                    <\/dl>\n            <dl class=\"gallery-item\">\n            <dt class=\"gallery-icon\">\n            <a data-title=\"\" title=\"\" href=\"https:\/\/foreveryoung.gov.pf\/wp-content\/uploads\/2023\/06\/IMG_20230609_090514.jpg\" data-rel=\"tb_7vbc725\" class=\"themify_lightbox\"><img loading=\"lazy\" decoding=\"async\" src=\"https:\/\/foreveryoung.gov.pf\/wp-content\/uploads\/2023\/06\/IMG_20230609_090514-766x1024-300x200.jpg\" width=\"300\" height=\"200\" class=\"wp-post-image wp-image-5083\" title=\"IMG_20230609_090514\" alt=\"IMG_20230609_090514\"><\/a>            <\/dt>\n                    <\/dl>\n    <\/div>\n<\/div>\n<!-- \/module gallery -->        <\/div>\n                        <\/div>\n        <\/div>\n        <\/div>\n<!--\/themify_builder_content-->","protected":false},"excerpt":{"rendered":"<p>C\u2019est avec un chant d\u2019accueil que l\u2019ensemble des agents de la DPDJ ont accueilli, ce vendredi 02 juin 2023, la nouvelle ministre en charge des sports, de la jeunesse et de la pr\u00e9vention contre la d\u00e9linquance, Nahema TEMARII.A cette occasion, une pr\u00e9sentation du fonctionnement et des missions du service lui a \u00e9t\u00e9 faite, qui s\u2019est [&hellip;]<\/p>\n","protected":false},"author":1,"featured_media":5067,"parent":0,"menu_order":0,"template":"","meta":{"om_disable_all_campaigns":false,"inline_featured_image":false,"footnotes":""},"categories":[39],"class_list":["post-5062","actualites","type-actualites","status-publish","has-post-thumbnail","hentry","category-actualites","has-post-title","has-post-date","has-post-category","has-post-tag","has-post-comment","has-post-author",""],"aioseo_notices":[],"ptb_metabox":[],"ptb_taxonomy":{"category":[{"term_id":39,"name":"Actualit\u00e9s","slug":"actualites","term_group":0,"term_taxonomy_id":39,"taxonomy":"category","description":"","parent":0,"count":27,"filter":"raw"}]},"ptb_featured_image":{"url":"https:\/\/foreveryoung.gov.pf\/wp-content\/uploads\/2023\/06\/IMG_20230609_083420.jpg","title":"Visite de la Ministre Nahema Temarii dans les locaux de la DPDJ et \u00e0 la R\u00e9sidence des Jeunes Travailleurs (RJT)","caption":""},"builder_content":"<p>C\u2019est avec un chant d\u2019accueil que l\u2019ensemble des agents de la DPDJ ont accueilli, ce vendredi 02 juin 2023, la nouvelle ministre en charge des sports, de la jeunesse et de la pr\u00e9vention contre la d\u00e9linquance, Nahema TEMARII.<\/p><p>A cette occasion, une pr\u00e9sentation du fonctionnement et des missions du service lui a \u00e9t\u00e9 faite, qui s\u2019est poursuivie par des \u00e9changes avec chacun des agents dans leur bureau.<\/p><p>La visite des locaux de la DPDJ s\u2019est termin\u00e9e autour d\u2019un verre de l\u2019amiti\u00e9, qui \u00e9tait assorti de fruits locaux, offerts et pr\u00e9par\u00e9s par l\u2019ensemble du personnel et de la direction.<\/p><p>Nahema Temarii s\u2019est exprim\u00e9e, \u00e0 son tour, sur les trois mesures qu\u2019elle devra mettre en \u0153uvre dans les 100 jours de cette nouvelle mandature et qui se d\u00e9clineront sur 3 axes majeurs\u00a0:<\/p><ul><li>Le \u00ab Taho\u2019e \u00bb (f\u00e9d\u00e9rer) ;<\/li><li>Le \u00ab Give me a chance \u00bb (rencontrer) ;<\/li><li>Le \u00ab Win-Win \u00bb (partager).<\/li><\/ul><p>La DPDJ devra soumettre ses propositions d\u2019actions, dans les meilleurs d\u00e9lais.<\/p><p>La deuxi\u00e8me partie de la visite s\u2019est faite au niveau de la R\u00e9sidence des Jeunes Travailleurs (RJT), dont la gestion locative et administrative a \u00e9t\u00e9 transf\u00e9r\u00e9e \u00e0 la DPDJ depuis janvier 2022.<br \/>Ce fut alors l\u2019occasion, pour la nouvelle ministre, de remettre les cl\u00e9s d\u2019un appartement \u00e0 un nouveau r\u00e9sident, qui faisait son entr\u00e9e des lieux. De m\u00eame, elle a pu \u00e9changer avec une nouvelle locataire, entr\u00e9e quelques jours avant dans un autre appartement, tr\u00e8s satisfaite des conditions d\u2019h\u00e9bergement de la RJT.<\/p><p>La visite minist\u00e9rielle s\u2019est conclue dans le jardin partag\u00e9 de la r\u00e9sidence, initi\u00e9 par la DPDJ, afin de renforcer la coh\u00e9sion sociale de ses locataires.<\/p>\n[gallery ids=\"5073,5071,5069,5067,5065,5063,5078,5080,5082\"]","_links":{"self":[{"href":"https:\/\/foreveryoung.gov.pf\/en\/wp-json\/wp\/v2\/actualites\/5062","targetHints":{"allow":["GET"]}}],"collection":[{"href":"https:\/\/foreveryoung.gov.pf\/en\/wp-json\/wp\/v2\/actualites"}],"about":[{"href":"https:\/\/foreveryoung.gov.pf\/en\/wp-json\/wp\/v2\/types\/actualites"}],"author":[{"embeddable":true,"href":"https:\/\/foreveryoung.gov.pf\/en\/wp-json\/wp\/v2\/users\/1"}],"version-history":[{"count":0,"href":"https:\/\/foreveryoung.gov.pf\/en\/wp-json\/wp\/v2\/actualites\/5062\/revisions"}],"wp:featuredmedia":[{"embeddable":true,"href":"https:\/\/foreveryoung.gov.pf\/en\/wp-json\/wp\/v2\/media\/5067"}],"wp:attachment":[{"href":"https:\/\/foreveryoung.gov.pf\/en\/wp-json\/wp\/v2\/media?parent=5062"}],"wp:term":[{"taxonomy":"category","embeddable":true,"href":"https:\/\/foreveryoung.gov.pf\/en\/wp-json\/wp\/v2\/categories?post=5062"}],"curies":[{"name":"wp","href":"https:\/\/api.w.org\/{rel}","templated":true}]}}